{"id":11398,"date":"2013-04-15T10:00:48","date_gmt":"2013-04-15T09:00:48","guid":{"rendered":"http:\/\/energia.eiffage.es\/en\/2013\/04\/15\/sector-empresarial-entrevista-al-director-general\/"},"modified":"2013-04-15T10:00:48","modified_gmt":"2013-04-15T09:00:48","slug":"sector-empresarial-general-manager-interview","status":"publish","type":"post","link":"https:\/\/www.eiffageenergiasistemas.com\/en\/2013\/04\/15\/sector-empresarial-general-manager-interview\/","title":{"rendered":"Sector Empresarial, General Manager Interview"},"content":{"rendered":"<p>April 2013 edition. Interview to our General Manager Jos\u00e9 Manuel Mart\u00ednez Garc\u00eda, who talks about Eiffage Energ\u00eda structure, current situation and future forecast.<\/p>\n<p>Eiffage is a major construction and concession company in Europe. The Group with more than 150 year history has many branches in France and Europe. One of his main activities is Energy, which suppose almost 25% of the whole Group activity.<\/p>\n<p>Eiffage Energ\u00eda designs, builds, and maintains energy and information systems from human beings and environmental respect.\u00a0 His expertise ensures quality and service standards of a leading Group. Spain activity counts on 20 branches all over Iberian Peninsula and with an average of 1.500 employees, being his General Manager Jos\u00e9 Manuel Mart\u00ednez Garc\u00eda.<\/p>\n<p>If you wish enter to the whole interview, play\u00a0<strong><a href=\"http:\/\/energia.eiffage.es\/wp-content\/uploads\/2013\/04\/entrevista-jose-manuel-martinez_sector-empresarial.pdf\">here<\/a>.<\/strong>    \t<\/p>\n","protected":false},"excerpt":{"rendered":"<p>April 2013 edition. Interview to our General Manager Jos\u00e9 Manuel Mart\u00ednez Garc\u00eda, who talks about Eiffage Energ\u00eda structure, current situation and future forecast. Eiffage is a major construction and concession company in Europe. The Group with more than 150 year history has many branches in France and Europe. One of his main activities is Energy, &#8230; <a title=\"Sector Empresarial, General Manager Interview\" class=\"read-more\" href=\"https:\/\/www.eiffageenergiasistemas.com\/en\/2013\/04\/15\/sector-empresarial-general-manager-interview\/\" aria-label=\"Read more about Sector Empresarial, General Manager Interview\">Read more<\/a><\/p>\n","protected":false},"author":1,"featured_media":11294,"comment_status":"open","ping_status":"open","sticky":false,"template":"","format":"standard","meta":{"footnotes":""},"categories":[1333],"tags":[],"class_list":["post-11398","post","type-post","status-publish","format-standard","has-post-thumbnail","hentry","category-eiffage-energia-en"],"yoast_head":"<!-- This site is optimized with the Yoast SEO plugin v27.5 - https:\/\/yoast.com\/product\/yoast-seo-wordpress\/ -->\n<title>Sector Empresarial, General Manager Interview - Eiffage Energ\u00eda Sistemas<\/title>\n<meta name=\"robots\" content=\"index, follow, max-snippet:-1, max-image-preview:large, max-video-preview:-1\" \/>\n<link rel=\"canonical\" href=\"https:\/\/www.eiffageenergiasistemas.com\/en\/2013\/04\/15\/sector-empresarial-general-manager-interview\/\" \/>\n<meta property=\"og:locale\" content=\"en_US\" \/>\n<meta property=\"og:type\" content=\"article\" \/>\n<meta property=\"og:title\" content=\"Sector Empresarial, General Manager Interview - Eiffage Energ\u00eda Sistemas\" \/>\n<meta property=\"og:description\" content=\"April 2013 edition. Interview to our General Manager Jos\u00e9 Manuel Mart\u00ednez Garc\u00eda, who talks about Eiffage Energ\u00eda structure, current situation and future forecast. Eiffage is a major construction and concession company in Europe. The Group with more than 150 year history has many branches in France and Europe. One of his main activities is Energy, ... Read more\" \/>\n<meta property=\"og:url\" content=\"https:\/\/www.eiffageenergiasistemas.com\/en\/2013\/04\/15\/sector-empresarial-general-manager-interview\/\" \/>\n<meta property=\"og:site_name\" content=\"Eiffage Energ\u00eda Sistemas\" \/>\n<meta property=\"article:published_time\" content=\"2013-04-15T09:00:48+00:00\" \/>\n<meta property=\"og:image\" content=\"https:\/\/www.eiffageenergiasistemas.com\/wp-content\/uploads\/2016\/01\/jose-manuel-martinez_director-general-de-eiffage-energia.jpg\" \/>\n\t<meta property=\"og:image:width\" content=\"1400\" \/>\n\t<meta property=\"og:image:height\" content=\"934\" \/>\n\t<meta property=\"og:image:type\" content=\"image\/jpeg\" \/>\n<meta name=\"author\" content=\"Eiffage Energia\" \/>\n<meta name=\"twitter:card\" content=\"summary_large_image\" \/>\n<script type=\"application\/ld+json\" class=\"yoast-schema-graph\">{\"@context\":\"https:\\\/\\\/schema.org\",\"@graph\":[{\"@type\":\"Article\",\"@id\":\"https:\\\/\\\/www.eiffageenergiasistemas.com\\\/en\\\/2013\\\/04\\\/15\\\/sector-empresarial-general-manager-interview\\\/#article\",\"isPartOf\":{\"@id\":\"https:\\\/\\\/www.eiffageenergiasistemas.com\\\/en\\\/2013\\\/04\\\/15\\\/sector-empresarial-general-manager-interview\\\/\"},\"author\":{\"name\":\"Eiffage Energia\",\"@id\":\"https:\\\/\\\/www.eiffageenergiasistemas.com\\\/en\\\/#\\\/schema\\\/person\\\/cf9c666f5eb3c12fba3b18aeb5edf4ec\"},\"headline\":\"Sector Empresarial, General Manager Interview\",\"datePublished\":\"2013-04-15T09:00:48+00:00\",\"mainEntityOfPage\":{\"@id\":\"https:\\\/\\\/www.eiffageenergiasistemas.com\\\/en\\\/2013\\\/04\\\/15\\\/sector-empresarial-general-manager-interview\\\/\"},\"wordCount\":132,\"commentCount\":0,\"publisher\":{\"@id\":\"https:\\\/\\\/www.eiffageenergiasistemas.com\\\/en\\\/#organization\"},\"image\":{\"@id\":\"https:\\\/\\\/www.eiffageenergiasistemas.com\\\/en\\\/2013\\\/04\\\/15\\\/sector-empresarial-general-manager-interview\\\/#primaryimage\"},\"thumbnailUrl\":\"https:\\\/\\\/www.eiffageenergiasistemas.com\\\/wp-content\\\/uploads\\\/2016\\\/01\\\/jose-manuel-martinez_director-general-de-eiffage-energia.jpg\",\"articleSection\":[\"Eiffage Energ\u00eda\"],\"inLanguage\":\"en-US\",\"potentialAction\":[{\"@type\":\"CommentAction\",\"name\":\"Comment\",\"target\":[\"https:\\\/\\\/www.eiffageenergiasistemas.com\\\/en\\\/2013\\\/04\\\/15\\\/sector-empresarial-general-manager-interview\\\/#respond\"]}]},{\"@type\":\"WebPage\",\"@id\":\"https:\\\/\\\/www.eiffageenergiasistemas.com\\\/en\\\/2013\\\/04\\\/15\\\/sector-empresarial-general-manager-interview\\\/\",\"url\":\"https:\\\/\\\/www.eiffageenergiasistemas.com\\\/en\\\/2013\\\/04\\\/15\\\/sector-empresarial-general-manager-interview\\\/\",\"name\":\"Sector Empresarial, General Manager Interview - Eiffage Energ\u00eda Sistemas\",\"isPartOf\":{\"@id\":\"https:\\\/\\\/www.eiffageenergiasistemas.com\\\/en\\\/#website\"},\"primaryImageOfPage\":{\"@id\":\"https:\\\/\\\/www.eiffageenergiasistemas.com\\\/en\\\/2013\\\/04\\\/15\\\/sector-empresarial-general-manager-interview\\\/#primaryimage\"},\"image\":{\"@id\":\"https:\\\/\\\/www.eiffageenergiasistemas.com\\\/en\\\/2013\\\/04\\\/15\\\/sector-empresarial-general-manager-interview\\\/#primaryimage\"},\"thumbnailUrl\":\"https:\\\/\\\/www.eiffageenergiasistemas.com\\\/wp-content\\\/uploads\\\/2016\\\/01\\\/jose-manuel-martinez_director-general-de-eiffage-energia.jpg\",\"datePublished\":\"2013-04-15T09:00:48+00:00\",\"breadcrumb\":{\"@id\":\"https:\\\/\\\/www.eiffageenergiasistemas.com\\\/en\\\/2013\\\/04\\\/15\\\/sector-empresarial-general-manager-interview\\\/#breadcrumb\"},\"inLanguage\":\"en-US\",\"potentialAction\":[{\"@type\":\"ReadAction\",\"target\":[\"https:\\\/\\\/www.eiffageenergiasistemas.com\\\/en\\\/2013\\\/04\\\/15\\\/sector-empresarial-general-manager-interview\\\/\"]}]},{\"@type\":\"ImageObject\",\"inLanguage\":\"en-US\",\"@id\":\"https:\\\/\\\/www.eiffageenergiasistemas.com\\\/en\\\/2013\\\/04\\\/15\\\/sector-empresarial-general-manager-interview\\\/#primaryimage\",\"url\":\"https:\\\/\\\/www.eiffageenergiasistemas.com\\\/wp-content\\\/uploads\\\/2016\\\/01\\\/jose-manuel-martinez_director-general-de-eiffage-energia.jpg\",\"contentUrl\":\"https:\\\/\\\/www.eiffageenergiasistemas.com\\\/wp-content\\\/uploads\\\/2016\\\/01\\\/jose-manuel-martinez_director-general-de-eiffage-energia.jpg\",\"width\":1400,\"height\":934},{\"@type\":\"BreadcrumbList\",\"@id\":\"https:\\\/\\\/www.eiffageenergiasistemas.com\\\/en\\\/2013\\\/04\\\/15\\\/sector-empresarial-general-manager-interview\\\/#breadcrumb\",\"itemListElement\":[{\"@type\":\"ListItem\",\"position\":1,\"name\":\"Home\",\"item\":\"https:\\\/\\\/www.eiffageenergiasistemas.com\\\/en\\\/\"},{\"@type\":\"ListItem\",\"position\":2,\"name\":\"Sector Empresarial, General Manager Interview\"}]},{\"@type\":\"WebSite\",\"@id\":\"https:\\\/\\\/www.eiffageenergiasistemas.com\\\/en\\\/#website\",\"url\":\"https:\\\/\\\/www.eiffageenergiasistemas.com\\\/en\\\/\",\"name\":\"Eiffage Energ\u00eda Sistemas\",\"description\":\"\",\"publisher\":{\"@id\":\"https:\\\/\\\/www.eiffageenergiasistemas.com\\\/en\\\/#organization\"},\"potentialAction\":[{\"@type\":\"SearchAction\",\"target\":{\"@type\":\"EntryPoint\",\"urlTemplate\":\"https:\\\/\\\/www.eiffageenergiasistemas.com\\\/en\\\/?s={search_term_string}\"},\"query-input\":{\"@type\":\"PropertyValueSpecification\",\"valueRequired\":true,\"valueName\":\"search_term_string\"}}],\"inLanguage\":\"en-US\"},{\"@type\":\"Organization\",\"@id\":\"https:\\\/\\\/www.eiffageenergiasistemas.com\\\/en\\\/#organization\",\"name\":\"Eiffage Energ\u00eda Sistemas\",\"url\":\"https:\\\/\\\/www.eiffageenergiasistemas.com\\\/en\\\/\",\"logo\":{\"@type\":\"ImageObject\",\"inLanguage\":\"en-US\",\"@id\":\"https:\\\/\\\/www.eiffageenergiasistemas.com\\\/en\\\/#\\\/schema\\\/logo\\\/image\\\/\",\"url\":\"https:\\\/\\\/www.eiffageenergiasistemas.com\\\/wp-content\\\/uploads\\\/2022\\\/05\\\/cropped-cropped-eiffage-energia-sistemas-logo-1.png\",\"contentUrl\":\"https:\\\/\\\/www.eiffageenergiasistemas.com\\\/wp-content\\\/uploads\\\/2022\\\/05\\\/cropped-cropped-eiffage-energia-sistemas-logo-1.png\",\"width\":741,\"height\":250,\"caption\":\"Eiffage Energ\u00eda Sistemas\"},\"image\":{\"@id\":\"https:\\\/\\\/www.eiffageenergiasistemas.com\\\/en\\\/#\\\/schema\\\/logo\\\/image\\\/\"}},{\"@type\":\"Person\",\"@id\":\"https:\\\/\\\/www.eiffageenergiasistemas.com\\\/en\\\/#\\\/schema\\\/person\\\/cf9c666f5eb3c12fba3b18aeb5edf4ec\",\"name\":\"Eiffage Energia\",\"sameAs\":[\"http:\\\/\\\/www.dev.energia.eiffage.es\"],\"url\":\"https:\\\/\\\/www.eiffageenergiasistemas.com\\\/en\\\/author\\\/eiffage-energia\\\/\"}]}<\/script>\n<!-- \/ Yoast SEO plugin. -->","yoast_head_json":{"title":"Sector Empresarial, General Manager Interview - Eiffage Energ\u00eda Sistemas","robots":{"index":"index","follow":"follow","max-snippet":"max-snippet:-1","max-image-preview":"max-image-preview:large","max-video-preview":"max-video-preview:-1"},"canonical":"https:\/\/www.eiffageenergiasistemas.com\/en\/2013\/04\/15\/sector-empresarial-general-manager-interview\/","og_locale":"en_US","og_type":"article","og_title":"Sector Empresarial, General Manager Interview - Eiffage Energ\u00eda Sistemas","og_description":"April 2013 edition. Interview to our General Manager Jos\u00e9 Manuel Mart\u00ednez Garc\u00eda, who talks about Eiffage Energ\u00eda structure, current situation and future forecast. Eiffage is a major construction and concession company in Europe. The Group with more than 150 year history has many branches in France and Europe. One of his main activities is Energy, ... Read more","og_url":"https:\/\/www.eiffageenergiasistemas.com\/en\/2013\/04\/15\/sector-empresarial-general-manager-interview\/","og_site_name":"Eiffage Energ\u00eda Sistemas","article_published_time":"2013-04-15T09:00:48+00:00","og_image":[{"width":1400,"height":934,"url":"https:\/\/www.eiffageenergiasistemas.com\/wp-content\/uploads\/2016\/01\/jose-manuel-martinez_director-general-de-eiffage-energia.jpg","type":"image\/jpeg"}],"author":"Eiffage Energia","twitter_card":"summary_large_image","schema":{"@context":"https:\/\/schema.org","@graph":[{"@type":"Article","@id":"https:\/\/www.eiffageenergiasistemas.com\/en\/2013\/04\/15\/sector-empresarial-general-manager-interview\/#article","isPartOf":{"@id":"https:\/\/www.eiffageenergiasistemas.com\/en\/2013\/04\/15\/sector-empresarial-general-manager-interview\/"},"author":{"name":"Eiffage Energia","@id":"https:\/\/www.eiffageenergiasistemas.com\/en\/#\/schema\/person\/cf9c666f5eb3c12fba3b18aeb5edf4ec"},"headline":"Sector Empresarial, General Manager Interview","datePublished":"2013-04-15T09:00:48+00:00","mainEntityOfPage":{"@id":"https:\/\/www.eiffageenergiasistemas.com\/en\/2013\/04\/15\/sector-empresarial-general-manager-interview\/"},"wordCount":132,"commentCount":0,"publisher":{"@id":"https:\/\/www.eiffageenergiasistemas.com\/en\/#organization"},"image":{"@id":"https:\/\/www.eiffageenergiasistemas.com\/en\/2013\/04\/15\/sector-empresarial-general-manager-interview\/#primaryimage"},"thumbnailUrl":"https:\/\/www.eiffageenergiasistemas.com\/wp-content\/uploads\/2016\/01\/jose-manuel-martinez_director-general-de-eiffage-energia.jpg","articleSection":["Eiffage Energ\u00eda"],"inLanguage":"en-US","potentialAction":[{"@type":"CommentAction","name":"Comment","target":["https:\/\/www.eiffageenergiasistemas.com\/en\/2013\/04\/15\/sector-empresarial-general-manager-interview\/#respond"]}]},{"@type":"WebPage","@id":"https:\/\/www.eiffageenergiasistemas.com\/en\/2013\/04\/15\/sector-empresarial-general-manager-interview\/","url":"https:\/\/www.eiffageenergiasistemas.com\/en\/2013\/04\/15\/sector-empresarial-general-manager-interview\/","name":"Sector Empresarial, General Manager Interview - Eiffage Energ\u00eda Sistemas","isPartOf":{"@id":"https:\/\/www.eiffageenergiasistemas.com\/en\/#website"},"primaryImageOfPage":{"@id":"https:\/\/www.eiffageenergiasistemas.com\/en\/2013\/04\/15\/sector-empresarial-general-manager-interview\/#primaryimage"},"image":{"@id":"https:\/\/www.eiffageenergiasistemas.com\/en\/2013\/04\/15\/sector-empresarial-general-manager-interview\/#primaryimage"},"thumbnailUrl":"https:\/\/www.eiffageenergiasistemas.com\/wp-content\/uploads\/2016\/01\/jose-manuel-martinez_director-general-de-eiffage-energia.jpg","datePublished":"2013-04-15T09:00:48+00:00","breadcrumb":{"@id":"https:\/\/www.eiffageenergiasistemas.com\/en\/2013\/04\/15\/sector-empresarial-general-manager-interview\/#breadcrumb"},"inLanguage":"en-US","potentialAction":[{"@type":"ReadAction","target":["https:\/\/www.eiffageenergiasistemas.com\/en\/2013\/04\/15\/sector-empresarial-general-manager-interview\/"]}]},{"@type":"ImageObject","inLanguage":"en-US","@id":"https:\/\/www.eiffageenergiasistemas.com\/en\/2013\/04\/15\/sector-empresarial-general-manager-interview\/#primaryimage","url":"https:\/\/www.eiffageenergiasistemas.com\/wp-content\/uploads\/2016\/01\/jose-manuel-martinez_director-general-de-eiffage-energia.jpg","contentUrl":"https:\/\/www.eiffageenergiasistemas.com\/wp-content\/uploads\/2016\/01\/jose-manuel-martinez_director-general-de-eiffage-energia.jpg","width":1400,"height":934},{"@type":"BreadcrumbList","@id":"https:\/\/www.eiffageenergiasistemas.com\/en\/2013\/04\/15\/sector-empresarial-general-manager-interview\/#breadcrumb","itemListElement":[{"@type":"ListItem","position":1,"name":"Home","item":"https:\/\/www.eiffageenergiasistemas.com\/en\/"},{"@type":"ListItem","position":2,"name":"Sector Empresarial, General Manager Interview"}]},{"@type":"WebSite","@id":"https:\/\/www.eiffageenergiasistemas.com\/en\/#website","url":"https:\/\/www.eiffageenergiasistemas.com\/en\/","name":"Eiffage Energ\u00eda Sistemas","description":"","publisher":{"@id":"https:\/\/www.eiffageenergiasistemas.com\/en\/#organization"},"potentialAction":[{"@type":"SearchAction","target":{"@type":"EntryPoint","urlTemplate":"https:\/\/www.eiffageenergiasistemas.com\/en\/?s={search_term_string}"},"query-input":{"@type":"PropertyValueSpecification","valueRequired":true,"valueName":"search_term_string"}}],"inLanguage":"en-US"},{"@type":"Organization","@id":"https:\/\/www.eiffageenergiasistemas.com\/en\/#organization","name":"Eiffage Energ\u00eda Sistemas","url":"https:\/\/www.eiffageenergiasistemas.com\/en\/","logo":{"@type":"ImageObject","inLanguage":"en-US","@id":"https:\/\/www.eiffageenergiasistemas.com\/en\/#\/schema\/logo\/image\/","url":"https:\/\/www.eiffageenergiasistemas.com\/wp-content\/uploads\/2022\/05\/cropped-cropped-eiffage-energia-sistemas-logo-1.png","contentUrl":"https:\/\/www.eiffageenergiasistemas.com\/wp-content\/uploads\/2022\/05\/cropped-cropped-eiffage-energia-sistemas-logo-1.png","width":741,"height":250,"caption":"Eiffage Energ\u00eda Sistemas"},"image":{"@id":"https:\/\/www.eiffageenergiasistemas.com\/en\/#\/schema\/logo\/image\/"}},{"@type":"Person","@id":"https:\/\/www.eiffageenergiasistemas.com\/en\/#\/schema\/person\/cf9c666f5eb3c12fba3b18aeb5edf4ec","name":"Eiffage Energia","sameAs":["http:\/\/www.dev.energia.eiffage.es"],"url":"https:\/\/www.eiffageenergiasistemas.com\/en\/author\/eiffage-energia\/"}]}},"_links":{"self":[{"href":"https:\/\/www.eiffageenergiasistemas.com\/en\/wp-json\/wp\/v2\/posts\/11398","targetHints":{"allow":["GET"]}}],"collection":[{"href":"https:\/\/www.eiffageenergiasistemas.com\/en\/wp-json\/wp\/v2\/posts"}],"about":[{"href":"https:\/\/www.eiffageenergiasistemas.com\/en\/wp-json\/wp\/v2\/types\/post"}],"author":[{"embeddable":true,"href":"https:\/\/www.eiffageenergiasistemas.com\/en\/wp-json\/wp\/v2\/users\/1"}],"replies":[{"embeddable":true,"href":"https:\/\/www.eiffageenergiasistemas.com\/en\/wp-json\/wp\/v2\/comments?post=11398"}],"version-history":[{"count":0,"href":"https:\/\/www.eiffageenergiasistemas.com\/en\/wp-json\/wp\/v2\/posts\/11398\/revisions"}],"wp:featuredmedia":[{"embeddable":true,"href":"https:\/\/www.eiffageenergiasistemas.com\/en\/wp-json\/wp\/v2\/media\/11294"}],"wp:attachment":[{"href":"https:\/\/www.eiffageenergiasistemas.com\/en\/wp-json\/wp\/v2\/media?parent=11398"}],"wp:term":[{"taxonomy":"category","embeddable":true,"href":"https:\/\/www.eiffageenergiasistemas.com\/en\/wp-json\/wp\/v2\/categories?post=11398"},{"taxonomy":"post_tag","embeddable":true,"href":"https:\/\/www.eiffageenergiasistemas.com\/en\/wp-json\/wp\/v2\/tags?post=11398"}],"curies":[{"name":"wp","href":"https:\/\/api.w.org\/{rel}","templated":true}]}}