{"id":13234,"date":"2016-10-27T13:15:11","date_gmt":"2016-10-27T12:15:11","guid":{"rendered":"http:\/\/energia.eiffage.es\/en\/2016\/10\/27\/benoit-ruffray-presidente-del-grupo-eiffage-visita-primera-vez-las-delegaciones-eiffage-energia-madrid\/"},"modified":"2016-10-27T13:15:11","modified_gmt":"2016-10-27T12:15:11","slug":"benoit-de-ruffray-chairman-of-the-eiffage-group-visits-the-eiffage-energia-delegations-in-madrid-for-the-first-time","status":"publish","type":"post","link":"https:\/\/www.eiffageenergiasistemas.com\/en\/2016\/10\/27\/benoit-de-ruffray-chairman-of-the-eiffage-group-visits-the-eiffage-energia-delegations-in-madrid-for-the-first-time\/","title":{"rendered":"Beno\u00eet de Ruffray, chairman of the Eiffage Group, visits the Eiffage Energ\u00eda delegations in Madrid for the first time"},"content":{"rendered":"<p>The Chairman and CEO of the Eiffage Group, <a href=\"http:\/\/energia.eiffage.es\/fr\/2015\/12\/10\/benoit-de-ruffray-nomme-president-directeur-general-deiffage\/\"><strong>Beno\u00eet de Ruffray<\/strong><\/a><strong>,<\/strong> has visited, for the first time, the delegations of Eiffage Energ\u00eda in Madrid, where he could see first hand the company&#8217;s income statement during the last year in Spain and the <strong>forecasts for 2017<\/strong>.<br \/>\nHis first stop was at the delegation of <strong>Eiffage Energ\u00eda in Alcal\u00e1 de Henares<\/strong>, which he was able to get to know well and to greet all the staff. In this delegation, about 200 people, including technicians, department managers, site managers, prevention of occupational hazards technicians and operators work. Here, electrical distribution tasks with major electricity companies such as Iberdrola and Uni\u00f3n Fenosa, are carried out. Comprehensive maintenance and industrial works, unique installations of Low Voltage and telecommunications maintenance of the High Voltage line, are also carried out.<br \/>\n<strong>The influence of Eiffage Energ\u00eda&#8217;s delegation in Alcal\u00e1 de Henares<\/strong> extends throughout the Community of Madrid and other Autonomous Regions such as Castille and Leon, Extremadura and Aragon. Among its reliable customers stand out the Ministry of Industry, the Senate, Metro de Madrid (Madrid underground), Acciona Infraestructuras or large food chains.<\/p>\n<p><strong>INTERNATIONAL HIGH VOLTAGE AREA<\/strong><\/p>\n<p>After this first stop, Beno\u00eet de Ruffray, accompanied by the CEO of Eiffage Energ\u00eda <a href=\"http:\/\/energia.eiffage.es\/fr\/2016\/09\/21\/jose-manuel-martinez-le-directeur-general-deiffage-energia-aborde-la-question-des-energies-renouvelables-dans-la-revue-sector-ejecutivo\/\"><strong>Jos\u00e9 Manuel Mart\u00ednez<\/strong><\/a>, and other members of the steering committee, continued to the Madrid delegation, where the <a href=\"http:\/\/energia.eiffage.es\/fr\/2016\/10\/07\/le-nouveau-departement-international-deiffage-energia\/\"><strong>International High Voltage<\/strong><\/a> area is managed, with important projects in Africa and Latin America.<\/p>\n<p>At this delegation a meeting was held, in which Eiffage Energ\u00eda&#8217;s most relevant data regarding the <strong>evolution of turnover and workforce<\/strong>, and the important development that has been made on the matter of prevention, were presented. On this point, Beno\u00eet de Ruffray, expressed <strong>his enormous concern<\/strong> over the issue of <strong>safety at work<\/strong>, inviting the Spaniards responsible for the company to continue in the same direction &#8220;because safety at work is one of the <strong>main pillars of Eiffage <\/strong>and <strong>Eiffage Energ\u00edas&#8217; strategic plan<\/strong>.<\/p>\n<p>During the meeting, the latest most important national and international projects were also reviewed, highlighting the good results expected for 2017.<br \/>\n<a href=\"http:\/\/energia.eiffage.es\/fr\/\"><strong>Eiffage Energ\u00eda<\/strong><\/a> has a workforce of over 1700 employees and a turnover of more than 200 million euros. It currently has over 25 delegations in Spain, Chile, Mexico and Peru, and is a <strong>benchmark company<\/strong> in the sectors of electricity infrastructure, installations, maintenance, renewable energy and civil and construction work.<\/p>\n<p><strong>EIFFAGE GROUP<\/strong><\/p>\n<p>The\u00a0<a href=\"http:\/\/energia.eiffage.es\/fr\/le-groupe-eiffage\/\"><strong>Eiffage Group<\/strong><\/a>\u00a0has a workforce of 70,000 workers and a turnover of more than 14,000 million euros. At the moment it has more than 500 subsidiaries, with a presence on five continents.<\/p>\n<p><strong>Beno\u00eet de Ruffray <\/strong>\u00a0holds the position of <strong>Chairman and CEO of the Eiffage Group<\/strong> since December 2015. He began his professional career in 1990 in the Bouygues Group, where he remained until 2003, occupying different positions. Between 2003 and 2007 he was CEO of Dragados Hong Kong, and served as supervisor of Bouygues Travaux Publics in the Asian Pacific and Bouygues B\u00e2timent International in northern Asia, later being nominated Deputy Director General of the latter.    \t<\/p>\n","protected":false},"excerpt":{"rendered":"<p>The Chairman and CEO of the Eiffage Group, Beno\u00eet de Ruffray, has visited, for the first time, the delegations of Eiffage Energ\u00eda in Madrid, where he could see first hand the company&#8217;s income statement during the last year in Spain and the forecasts for 2017. His first stop was at the delegation of Eiffage Energ\u00eda &#8230; <a title=\"Beno\u00eet de Ruffray, chairman of the Eiffage Group, visits the Eiffage Energ\u00eda delegations in Madrid for the first time\" class=\"read-more\" href=\"https:\/\/www.eiffageenergiasistemas.com\/en\/2016\/10\/27\/benoit-de-ruffray-chairman-of-the-eiffage-group-visits-the-eiffage-energia-delegations-in-madrid-for-the-first-time\/\" aria-label=\"Read more about Beno\u00eet de Ruffray, chairman of the Eiffage Group, visits the Eiffage Energ\u00eda delegations in Madrid for the first time\">Read more<\/a><\/p>\n","protected":false},"author":1,"featured_media":13205,"comment_status":"open","ping_status":"open","sticky":false,"template":"","format":"standard","meta":{"footnotes":""},"categories":[1333],"tags":[808,611,624],"class_list":["post-13234","post","type-post","status-publish","format-standard","has-post-thumbnail","hentry","category-eiffage-energia-en","tag-benoit-de-ruffray-en","tag-eiffage-energia-en","tag-grupo-eiffage-en"],"yoast_head":"<!-- This site is optimized with the Yoast SEO plugin v27.5 - https:\/\/yoast.com\/product\/yoast-seo-wordpress\/ -->\n<title>Beno\u00eet de Ruffray, chairman of the Eiffage Group, visits the Eiffage Energ\u00eda delegations in Madrid for the first time - Eiffage Energ\u00eda Sistemas<\/title>\n<meta name=\"robots\" content=\"index, follow, max-snippet:-1, max-image-preview:large, max-video-preview:-1\" \/>\n<link rel=\"canonical\" href=\"https:\/\/www.eiffageenergiasistemas.com\/en\/2016\/10\/27\/benoit-de-ruffray-chairman-of-the-eiffage-group-visits-the-eiffage-energia-delegations-in-madrid-for-the-first-time\/\" \/>\n<meta property=\"og:locale\" content=\"en_US\" \/>\n<meta property=\"og:type\" content=\"article\" \/>\n<meta property=\"og:title\" content=\"Beno\u00eet de Ruffray, chairman of the Eiffage Group, visits the Eiffage Energ\u00eda delegations in Madrid for the first time - Eiffage Energ\u00eda Sistemas\" \/>\n<meta property=\"og:description\" content=\"The Chairman and CEO of the Eiffage Group, Beno\u00eet de Ruffray, has visited, for the first time, the delegations of Eiffage Energ\u00eda in Madrid, where he could see first hand the company&#8217;s income statement during the last year in Spain and the forecasts for 2017. His first stop was at the delegation of Eiffage Energ\u00eda ... Read more\" \/>\n<meta property=\"og:url\" content=\"https:\/\/www.eiffageenergiasistemas.com\/en\/2016\/10\/27\/benoit-de-ruffray-chairman-of-the-eiffage-group-visits-the-eiffage-energia-delegations-in-madrid-for-the-first-time\/\" \/>\n<meta property=\"og:site_name\" content=\"Eiffage Energ\u00eda Sistemas\" \/>\n<meta property=\"article:published_time\" content=\"2016-10-27T12:15:11+00:00\" \/>\n<meta property=\"og:image\" content=\"https:\/\/www.eiffageenergiasistemas.com\/wp-content\/uploads\/2016\/10\/visita-benoit-de-ruffray.jpg\" \/>\n\t<meta property=\"og:image:width\" content=\"896\" \/>\n\t<meta property=\"og:image:height\" content=\"570\" \/>\n\t<meta property=\"og:image:type\" content=\"image\/jpeg\" \/>\n<meta name=\"author\" content=\"Eiffage Energia\" \/>\n<meta name=\"twitter:card\" content=\"summary_large_image\" \/>\n<script type=\"application\/ld+json\" class=\"yoast-schema-graph\">{\"@context\":\"https:\\\/\\\/schema.org\",\"@graph\":[{\"@type\":\"Article\",\"@id\":\"https:\\\/\\\/www.eiffageenergiasistemas.com\\\/en\\\/2016\\\/10\\\/27\\\/benoit-de-ruffray-chairman-of-the-eiffage-group-visits-the-eiffage-energia-delegations-in-madrid-for-the-first-time\\\/#article\",\"isPartOf\":{\"@id\":\"https:\\\/\\\/www.eiffageenergiasistemas.com\\\/en\\\/2016\\\/10\\\/27\\\/benoit-de-ruffray-chairman-of-the-eiffage-group-visits-the-eiffage-energia-delegations-in-madrid-for-the-first-time\\\/\"},\"author\":{\"name\":\"Eiffage Energia\",\"@id\":\"https:\\\/\\\/www.eiffageenergiasistemas.com\\\/en\\\/#\\\/schema\\\/person\\\/cf9c666f5eb3c12fba3b18aeb5edf4ec\"},\"headline\":\"Beno\u00eet de Ruffray, chairman of the Eiffage Group, visits the Eiffage Energ\u00eda delegations in Madrid for the first time\",\"datePublished\":\"2016-10-27T12:15:11+00:00\",\"mainEntityOfPage\":{\"@id\":\"https:\\\/\\\/www.eiffageenergiasistemas.com\\\/en\\\/2016\\\/10\\\/27\\\/benoit-de-ruffray-chairman-of-the-eiffage-group-visits-the-eiffage-energia-delegations-in-madrid-for-the-first-time\\\/\"},\"wordCount\":521,\"commentCount\":0,\"publisher\":{\"@id\":\"https:\\\/\\\/www.eiffageenergiasistemas.com\\\/en\\\/#organization\"},\"image\":{\"@id\":\"https:\\\/\\\/www.eiffageenergiasistemas.com\\\/en\\\/2016\\\/10\\\/27\\\/benoit-de-ruffray-chairman-of-the-eiffage-group-visits-the-eiffage-energia-delegations-in-madrid-for-the-first-time\\\/#primaryimage\"},\"thumbnailUrl\":\"https:\\\/\\\/www.eiffageenergiasistemas.com\\\/wp-content\\\/uploads\\\/2016\\\/10\\\/visita-benoit-de-ruffray.jpg\",\"keywords\":[\"Beno\u00eet de Ruffray\",\"Eiffage Energ\u00eda\",\"Eiffage Group\"],\"articleSection\":[\"Eiffage Energ\u00eda\"],\"inLanguage\":\"en-US\",\"potentialAction\":[{\"@type\":\"CommentAction\",\"name\":\"Comment\",\"target\":[\"https:\\\/\\\/www.eiffageenergiasistemas.com\\\/en\\\/2016\\\/10\\\/27\\\/benoit-de-ruffray-chairman-of-the-eiffage-group-visits-the-eiffage-energia-delegations-in-madrid-for-the-first-time\\\/#respond\"]}]},{\"@type\":\"WebPage\",\"@id\":\"https:\\\/\\\/www.eiffageenergiasistemas.com\\\/en\\\/2016\\\/10\\\/27\\\/benoit-de-ruffray-chairman-of-the-eiffage-group-visits-the-eiffage-energia-delegations-in-madrid-for-the-first-time\\\/\",\"url\":\"https:\\\/\\\/www.eiffageenergiasistemas.com\\\/en\\\/2016\\\/10\\\/27\\\/benoit-de-ruffray-chairman-of-the-eiffage-group-visits-the-eiffage-energia-delegations-in-madrid-for-the-first-time\\\/\",\"name\":\"Beno\u00eet de Ruffray, chairman of the Eiffage Group, visits the Eiffage Energ\u00eda delegations in Madrid for the first time - Eiffage Energ\u00eda Sistemas\",\"isPartOf\":{\"@id\":\"https:\\\/\\\/www.eiffageenergiasistemas.com\\\/en\\\/#website\"},\"primaryImageOfPage\":{\"@id\":\"https:\\\/\\\/www.eiffageenergiasistemas.com\\\/en\\\/2016\\\/10\\\/27\\\/benoit-de-ruffray-chairman-of-the-eiffage-group-visits-the-eiffage-energia-delegations-in-madrid-for-the-first-time\\\/#primaryimage\"},\"image\":{\"@id\":\"https:\\\/\\\/www.eiffageenergiasistemas.com\\\/en\\\/2016\\\/10\\\/27\\\/benoit-de-ruffray-chairman-of-the-eiffage-group-visits-the-eiffage-energia-delegations-in-madrid-for-the-first-time\\\/#primaryimage\"},\"thumbnailUrl\":\"https:\\\/\\\/www.eiffageenergiasistemas.com\\\/wp-content\\\/uploads\\\/2016\\\/10\\\/visita-benoit-de-ruffray.jpg\",\"datePublished\":\"2016-10-27T12:15:11+00:00\",\"breadcrumb\":{\"@id\":\"https:\\\/\\\/www.eiffageenergiasistemas.com\\\/en\\\/2016\\\/10\\\/27\\\/benoit-de-ruffray-chairman-of-the-eiffage-group-visits-the-eiffage-energia-delegations-in-madrid-for-the-first-time\\\/#breadcrumb\"},\"inLanguage\":\"en-US\",\"potentialAction\":[{\"@type\":\"ReadAction\",\"target\":[\"https:\\\/\\\/www.eiffageenergiasistemas.com\\\/en\\\/2016\\\/10\\\/27\\\/benoit-de-ruffray-chairman-of-the-eiffage-group-visits-the-eiffage-energia-delegations-in-madrid-for-the-first-time\\\/\"]}]},{\"@type\":\"ImageObject\",\"inLanguage\":\"en-US\",\"@id\":\"https:\\\/\\\/www.eiffageenergiasistemas.com\\\/en\\\/2016\\\/10\\\/27\\\/benoit-de-ruffray-chairman-of-the-eiffage-group-visits-the-eiffage-energia-delegations-in-madrid-for-the-first-time\\\/#primaryimage\",\"url\":\"https:\\\/\\\/www.eiffageenergiasistemas.com\\\/wp-content\\\/uploads\\\/2016\\\/10\\\/visita-benoit-de-ruffray.jpg\",\"contentUrl\":\"https:\\\/\\\/www.eiffageenergiasistemas.com\\\/wp-content\\\/uploads\\\/2016\\\/10\\\/visita-benoit-de-ruffray.jpg\",\"width\":896,\"height\":570},{\"@type\":\"BreadcrumbList\",\"@id\":\"https:\\\/\\\/www.eiffageenergiasistemas.com\\\/en\\\/2016\\\/10\\\/27\\\/benoit-de-ruffray-chairman-of-the-eiffage-group-visits-the-eiffage-energia-delegations-in-madrid-for-the-first-time\\\/#breadcrumb\",\"itemListElement\":[{\"@type\":\"ListItem\",\"position\":1,\"name\":\"Home\",\"item\":\"https:\\\/\\\/www.eiffageenergiasistemas.com\\\/en\\\/\"},{\"@type\":\"ListItem\",\"position\":2,\"name\":\"Beno\u00eet de Ruffray, chairman of the Eiffage Group, visits the Eiffage Energ\u00eda delegations in Madrid for the first time\"}]},{\"@type\":\"WebSite\",\"@id\":\"https:\\\/\\\/www.eiffageenergiasistemas.com\\\/en\\\/#website\",\"url\":\"https:\\\/\\\/www.eiffageenergiasistemas.com\\\/en\\\/\",\"name\":\"Eiffage Energ\u00eda Sistemas\",\"description\":\"\",\"publisher\":{\"@id\":\"https:\\\/\\\/www.eiffageenergiasistemas.com\\\/en\\\/#organization\"},\"potentialAction\":[{\"@type\":\"SearchAction\",\"target\":{\"@type\":\"EntryPoint\",\"urlTemplate\":\"https:\\\/\\\/www.eiffageenergiasistemas.com\\\/en\\\/?s={search_term_string}\"},\"query-input\":{\"@type\":\"PropertyValueSpecification\",\"valueRequired\":true,\"valueName\":\"search_term_string\"}}],\"inLanguage\":\"en-US\"},{\"@type\":\"Organization\",\"@id\":\"https:\\\/\\\/www.eiffageenergiasistemas.com\\\/en\\\/#organization\",\"name\":\"Eiffage Energ\u00eda Sistemas\",\"url\":\"https:\\\/\\\/www.eiffageenergiasistemas.com\\\/en\\\/\",\"logo\":{\"@type\":\"ImageObject\",\"inLanguage\":\"en-US\",\"@id\":\"https:\\\/\\\/www.eiffageenergiasistemas.com\\\/en\\\/#\\\/schema\\\/logo\\\/image\\\/\",\"url\":\"https:\\\/\\\/www.eiffageenergiasistemas.com\\\/wp-content\\\/uploads\\\/2022\\\/05\\\/cropped-cropped-eiffage-energia-sistemas-logo-1.png\",\"contentUrl\":\"https:\\\/\\\/www.eiffageenergiasistemas.com\\\/wp-content\\\/uploads\\\/2022\\\/05\\\/cropped-cropped-eiffage-energia-sistemas-logo-1.png\",\"width\":741,\"height\":250,\"caption\":\"Eiffage Energ\u00eda Sistemas\"},\"image\":{\"@id\":\"https:\\\/\\\/www.eiffageenergiasistemas.com\\\/en\\\/#\\\/schema\\\/logo\\\/image\\\/\"}},{\"@type\":\"Person\",\"@id\":\"https:\\\/\\\/www.eiffageenergiasistemas.com\\\/en\\\/#\\\/schema\\\/person\\\/cf9c666f5eb3c12fba3b18aeb5edf4ec\",\"name\":\"Eiffage Energia\",\"sameAs\":[\"http:\\\/\\\/www.dev.energia.eiffage.es\"],\"url\":\"https:\\\/\\\/www.eiffageenergiasistemas.com\\\/en\\\/author\\\/eiffage-energia\\\/\"}]}<\/script>\n<!-- \/ Yoast SEO plugin. -->","yoast_head_json":{"title":"Beno\u00eet de Ruffray, chairman of the Eiffage Group, visits the Eiffage Energ\u00eda delegations in Madrid for the first time - Eiffage Energ\u00eda Sistemas","robots":{"index":"index","follow":"follow","max-snippet":"max-snippet:-1","max-image-preview":"max-image-preview:large","max-video-preview":"max-video-preview:-1"},"canonical":"https:\/\/www.eiffageenergiasistemas.com\/en\/2016\/10\/27\/benoit-de-ruffray-chairman-of-the-eiffage-group-visits-the-eiffage-energia-delegations-in-madrid-for-the-first-time\/","og_locale":"en_US","og_type":"article","og_title":"Beno\u00eet de Ruffray, chairman of the Eiffage Group, visits the Eiffage Energ\u00eda delegations in Madrid for the first time - Eiffage Energ\u00eda Sistemas","og_description":"The Chairman and CEO of the Eiffage Group, Beno\u00eet de Ruffray, has visited, for the first time, the delegations of Eiffage Energ\u00eda in Madrid, where he could see first hand the company&#8217;s income statement during the last year in Spain and the forecasts for 2017. His first stop was at the delegation of Eiffage Energ\u00eda ... Read more","og_url":"https:\/\/www.eiffageenergiasistemas.com\/en\/2016\/10\/27\/benoit-de-ruffray-chairman-of-the-eiffage-group-visits-the-eiffage-energia-delegations-in-madrid-for-the-first-time\/","og_site_name":"Eiffage Energ\u00eda Sistemas","article_published_time":"2016-10-27T12:15:11+00:00","og_image":[{"width":896,"height":570,"url":"https:\/\/www.eiffageenergiasistemas.com\/wp-content\/uploads\/2016\/10\/visita-benoit-de-ruffray.jpg","type":"image\/jpeg"}],"author":"Eiffage Energia","twitter_card":"summary_large_image","schema":{"@context":"https:\/\/schema.org","@graph":[{"@type":"Article","@id":"https:\/\/www.eiffageenergiasistemas.com\/en\/2016\/10\/27\/benoit-de-ruffray-chairman-of-the-eiffage-group-visits-the-eiffage-energia-delegations-in-madrid-for-the-first-time\/#article","isPartOf":{"@id":"https:\/\/www.eiffageenergiasistemas.com\/en\/2016\/10\/27\/benoit-de-ruffray-chairman-of-the-eiffage-group-visits-the-eiffage-energia-delegations-in-madrid-for-the-first-time\/"},"author":{"name":"Eiffage Energia","@id":"https:\/\/www.eiffageenergiasistemas.com\/en\/#\/schema\/person\/cf9c666f5eb3c12fba3b18aeb5edf4ec"},"headline":"Beno\u00eet de Ruffray, chairman of the Eiffage Group, visits the Eiffage Energ\u00eda delegations in Madrid for the first time","datePublished":"2016-10-27T12:15:11+00:00","mainEntityOfPage":{"@id":"https:\/\/www.eiffageenergiasistemas.com\/en\/2016\/10\/27\/benoit-de-ruffray-chairman-of-the-eiffage-group-visits-the-eiffage-energia-delegations-in-madrid-for-the-first-time\/"},"wordCount":521,"commentCount":0,"publisher":{"@id":"https:\/\/www.eiffageenergiasistemas.com\/en\/#organization"},"image":{"@id":"https:\/\/www.eiffageenergiasistemas.com\/en\/2016\/10\/27\/benoit-de-ruffray-chairman-of-the-eiffage-group-visits-the-eiffage-energia-delegations-in-madrid-for-the-first-time\/#primaryimage"},"thumbnailUrl":"https:\/\/www.eiffageenergiasistemas.com\/wp-content\/uploads\/2016\/10\/visita-benoit-de-ruffray.jpg","keywords":["Beno\u00eet de Ruffray","Eiffage Energ\u00eda","Eiffage Group"],"articleSection":["Eiffage Energ\u00eda"],"inLanguage":"en-US","potentialAction":[{"@type":"CommentAction","name":"Comment","target":["https:\/\/www.eiffageenergiasistemas.com\/en\/2016\/10\/27\/benoit-de-ruffray-chairman-of-the-eiffage-group-visits-the-eiffage-energia-delegations-in-madrid-for-the-first-time\/#respond"]}]},{"@type":"WebPage","@id":"https:\/\/www.eiffageenergiasistemas.com\/en\/2016\/10\/27\/benoit-de-ruffray-chairman-of-the-eiffage-group-visits-the-eiffage-energia-delegations-in-madrid-for-the-first-time\/","url":"https:\/\/www.eiffageenergiasistemas.com\/en\/2016\/10\/27\/benoit-de-ruffray-chairman-of-the-eiffage-group-visits-the-eiffage-energia-delegations-in-madrid-for-the-first-time\/","name":"Beno\u00eet de Ruffray, chairman of the Eiffage Group, visits the Eiffage Energ\u00eda delegations in Madrid for the first time - Eiffage Energ\u00eda Sistemas","isPartOf":{"@id":"https:\/\/www.eiffageenergiasistemas.com\/en\/#website"},"primaryImageOfPage":{"@id":"https:\/\/www.eiffageenergiasistemas.com\/en\/2016\/10\/27\/benoit-de-ruffray-chairman-of-the-eiffage-group-visits-the-eiffage-energia-delegations-in-madrid-for-the-first-time\/#primaryimage"},"image":{"@id":"https:\/\/www.eiffageenergiasistemas.com\/en\/2016\/10\/27\/benoit-de-ruffray-chairman-of-the-eiffage-group-visits-the-eiffage-energia-delegations-in-madrid-for-the-first-time\/#primaryimage"},"thumbnailUrl":"https:\/\/www.eiffageenergiasistemas.com\/wp-content\/uploads\/2016\/10\/visita-benoit-de-ruffray.jpg","datePublished":"2016-10-27T12:15:11+00:00","breadcrumb":{"@id":"https:\/\/www.eiffageenergiasistemas.com\/en\/2016\/10\/27\/benoit-de-ruffray-chairman-of-the-eiffage-group-visits-the-eiffage-energia-delegations-in-madrid-for-the-first-time\/#breadcrumb"},"inLanguage":"en-US","potentialAction":[{"@type":"ReadAction","target":["https:\/\/www.eiffageenergiasistemas.com\/en\/2016\/10\/27\/benoit-de-ruffray-chairman-of-the-eiffage-group-visits-the-eiffage-energia-delegations-in-madrid-for-the-first-time\/"]}]},{"@type":"ImageObject","inLanguage":"en-US","@id":"https:\/\/www.eiffageenergiasistemas.com\/en\/2016\/10\/27\/benoit-de-ruffray-chairman-of-the-eiffage-group-visits-the-eiffage-energia-delegations-in-madrid-for-the-first-time\/#primaryimage","url":"https:\/\/www.eiffageenergiasistemas.com\/wp-content\/uploads\/2016\/10\/visita-benoit-de-ruffray.jpg","contentUrl":"https:\/\/www.eiffageenergiasistemas.com\/wp-content\/uploads\/2016\/10\/visita-benoit-de-ruffray.jpg","width":896,"height":570},{"@type":"BreadcrumbList","@id":"https:\/\/www.eiffageenergiasistemas.com\/en\/2016\/10\/27\/benoit-de-ruffray-chairman-of-the-eiffage-group-visits-the-eiffage-energia-delegations-in-madrid-for-the-first-time\/#breadcrumb","itemListElement":[{"@type":"ListItem","position":1,"name":"Home","item":"https:\/\/www.eiffageenergiasistemas.com\/en\/"},{"@type":"ListItem","position":2,"name":"Beno\u00eet de Ruffray, chairman of the Eiffage Group, visits the Eiffage Energ\u00eda delegations in Madrid for the first time"}]},{"@type":"WebSite","@id":"https:\/\/www.eiffageenergiasistemas.com\/en\/#website","url":"https:\/\/www.eiffageenergiasistemas.com\/en\/","name":"Eiffage Energ\u00eda Sistemas","description":"","publisher":{"@id":"https:\/\/www.eiffageenergiasistemas.com\/en\/#organization"},"potentialAction":[{"@type":"SearchAction","target":{"@type":"EntryPoint","urlTemplate":"https:\/\/www.eiffageenergiasistemas.com\/en\/?s={search_term_string}"},"query-input":{"@type":"PropertyValueSpecification","valueRequired":true,"valueName":"search_term_string"}}],"inLanguage":"en-US"},{"@type":"Organization","@id":"https:\/\/www.eiffageenergiasistemas.com\/en\/#organization","name":"Eiffage Energ\u00eda Sistemas","url":"https:\/\/www.eiffageenergiasistemas.com\/en\/","logo":{"@type":"ImageObject","inLanguage":"en-US","@id":"https:\/\/www.eiffageenergiasistemas.com\/en\/#\/schema\/logo\/image\/","url":"https:\/\/www.eiffageenergiasistemas.com\/wp-content\/uploads\/2022\/05\/cropped-cropped-eiffage-energia-sistemas-logo-1.png","contentUrl":"https:\/\/www.eiffageenergiasistemas.com\/wp-content\/uploads\/2022\/05\/cropped-cropped-eiffage-energia-sistemas-logo-1.png","width":741,"height":250,"caption":"Eiffage Energ\u00eda Sistemas"},"image":{"@id":"https:\/\/www.eiffageenergiasistemas.com\/en\/#\/schema\/logo\/image\/"}},{"@type":"Person","@id":"https:\/\/www.eiffageenergiasistemas.com\/en\/#\/schema\/person\/cf9c666f5eb3c12fba3b18aeb5edf4ec","name":"Eiffage Energia","sameAs":["http:\/\/www.dev.energia.eiffage.es"],"url":"https:\/\/www.eiffageenergiasistemas.com\/en\/author\/eiffage-energia\/"}]}},"_links":{"self":[{"href":"https:\/\/www.eiffageenergiasistemas.com\/en\/wp-json\/wp\/v2\/posts\/13234","targetHints":{"allow":["GET"]}}],"collection":[{"href":"https:\/\/www.eiffageenergiasistemas.com\/en\/wp-json\/wp\/v2\/posts"}],"about":[{"href":"https:\/\/www.eiffageenergiasistemas.com\/en\/wp-json\/wp\/v2\/types\/post"}],"author":[{"embeddable":true,"href":"https:\/\/www.eiffageenergiasistemas.com\/en\/wp-json\/wp\/v2\/users\/1"}],"replies":[{"embeddable":true,"href":"https:\/\/www.eiffageenergiasistemas.com\/en\/wp-json\/wp\/v2\/comments?post=13234"}],"version-history":[{"count":0,"href":"https:\/\/www.eiffageenergiasistemas.com\/en\/wp-json\/wp\/v2\/posts\/13234\/revisions"}],"wp:featuredmedia":[{"embeddable":true,"href":"https:\/\/www.eiffageenergiasistemas.com\/en\/wp-json\/wp\/v2\/media\/13205"}],"wp:attachment":[{"href":"https:\/\/www.eiffageenergiasistemas.com\/en\/wp-json\/wp\/v2\/media?parent=13234"}],"wp:term":[{"taxonomy":"category","embeddable":true,"href":"https:\/\/www.eiffageenergiasistemas.com\/en\/wp-json\/wp\/v2\/categories?post=13234"},{"taxonomy":"post_tag","embeddable":true,"href":"https:\/\/www.eiffageenergiasistemas.com\/en\/wp-json\/wp\/v2\/tags?post=13234"}],"curies":[{"name":"wp","href":"https:\/\/api.w.org\/{rel}","templated":true}]}}