{"id":16656,"date":"2018-09-14T07:27:06","date_gmt":"2018-09-14T06:27:06","guid":{"rendered":"http:\/\/www.eiffageenergiasistemas.com\/2018\/09\/14\/eiffage-energia-en-la-radio-en-la-feria-de-albacete\/"},"modified":"2022-02-18T07:33:19","modified_gmt":"2022-02-18T07:33:19","slug":"eiffage-energia-featured-on-the-radio-at-feria-de-albacete","status":"publish","type":"post","link":"https:\/\/www.eiffageenergiasistemas.com\/en\/2018\/09\/14\/eiffage-energia-featured-on-the-radio-at-feria-de-albacete\/","title":{"rendered":"Eiffage Energ\u00eda featured on the radio at Feria de Albacete"},"content":{"rendered":"<p><span lang=\"EN-GB\">In the middle of Feria de Albacete, Jos\u00e9 Manuel Mart\u00ednez, Managing Director of Eiffage Energ\u00eda has given several interviews to radio stations. Speaking to COPE, Jos\u00e9 Manuel Mart\u00ednez, a native of Albacete, talked about Eiffage Energ\u00eda\u2019s presence both worldwide and in the province of Albacete, in addition to some of the company\u2019s most recent projects.<\/span><\/p>\n<p><span lang=\"EN-GB\">Eiffage Energ\u00eda, a European construction group, has a global workforce of <strong>65,000 employees<\/strong> and an annual turnover of over 15 billion euros. As a major European industrial group, its Spanish headquarters, which also cover part of its international activities, are located in Albacete and this year they celebrates their 15<sup>th<\/sup> anniversary.<\/span><\/p>\n<p><span lang=\"EN-GB\">In 2018 the Group marked 15 years since acquiring <strong>Electrosur XXI<\/strong>, as the leading company in the energy sector. Since that moment in 2003, the group has grown with the acquisition of new national business groups and Albacete has been home to its headquarters.<\/span><\/p>\n<p><span lang=\"EN-GB\">From its headquarters and eight subsidiaries, Eiffage Energ\u00eda is characterised for carrying out a wide range of activities: comprehensive and industrial maintenance, electromedicine department, electrical and mechanical installations, civil works and construction, high voltage lines, transformer substations and <a href=\"http:\/\/www.eiffageenergiasistemas.com\/las-energias-renovables-maduran-en-espana\/\"><strong><span style=\"color: blue;\">renewable energies<\/span><\/strong><\/a> among many others. This last line of activity involves the greatest responsibility at global level, given that it is managed from Albacete and with local engineers.<\/span><\/p>\n<p><span lang=\"EN-GB\">In general, the company\u2019s workforce has continued to grow despite the years hit by the crisis, and the company currently has 3,200 workers, with more than 850 in Albacete.<\/span><\/p>\n<p><span lang=\"EN-GB\">The future of energy must be renewable and will take off in part, with the help of political leaders. The evolution of clean energies is predicted to be progressive, since fossil fuels are likely to disappear at some point in the future. Currently &#8220;in Spain we have an important opportunity with the construction of 8,000 megawatts of new facilities, of which <strong>5,000 MWh will be photovoltaic energy and about 3,000 MWh of wind energy<\/strong>&#8220;.<\/span><\/p>\n<p><span lang=\"EN-GB\">Jos\u00e9 Manuel Mart\u00ednez points out that &#8220;in Castilla-La Mancha we export energy since we produce much more than what we consume in the region.&#8221; Therefore CLM is a \u201cgenerator of surplus power\u201d and an example of the use of renewables.<\/span><\/p>\n<p><span lang=\"EN-GB\">The Managing Director of Eiffage Energ\u00eda also talked about Biomedical, the company\u2019s new commercial brand, and its contribution to the world of medicine. The <a href=\"http:\/\/www.eiffageenergiasistemas.com\/eiffage-energia-obtiene-el-certificado-aenor-de-gestion-de-calidad-de-productos-sanitarios-y-medio-ambiente\/\"><strong><span style=\"color: blue;\">electromedicine department<\/span><\/strong><\/a> is responsible for maintenance of electromedical equipment and devices at major hospitals, clinics and health centres throughout Spain.<\/span><\/p>\n<p><span lang=\"EN-GB\">Finally, Jos\u00e9 Manuel Mart\u00ednez explained the expansion of the <a href=\"http:\/\/www.eiffageenergiasistemas.com\/colocada-la-primera-piedra-la-nueva-sede-eiffage-energia-albacete\/\"><strong><span style=\"color: blue;\">facilities at the headquarters<\/span><\/strong><\/a> which are due to be completed by the end of this year and will house more than 250 workers. In this line, Mart\u00ednez announced the celebration of the Eiffage Energ\u00eda convention in Albacete on 17 October where 450 workers from the entire Group will be welcomed.<\/span><\/p>\n<p><span lang=\"EN-GB\">Jos\u00e9 Manuel also spoke to Onda Cero about the third equality plan to promote equal opportunities and work equality in the company where new actions are being implemented to incorporate women into the activities of this sector, which is predominantly male.<\/span><\/p>\n<p><span lang=\"EN-GB\">At EsRadio, Jos\u00e9 Manuel also stressed the creation of the <strong>drones department<\/strong>, and the company\u2019s progress and positive results in <a href=\"http:\/\/www.eiffageenergiasistemas.com\/excelentes-datos-en-prevencion-para-eiffage-energia\/\"><strong><span style=\"color: blue;\">occupational risk prevention<\/span><\/strong><\/a>. The company as achieved an 80% improvement in accident rates through continuous training, because \u201cprevention succeeds when it starts to become part of the workers\u2019 culture\u201d.<\/span><\/p>\n<p><span lang=\"EN-GB\">Listen to all the complete interviews here:<\/span><\/p>\n<p><a href=\"https:\/\/www.cope.es\/emisoras\/castilla-la-mancha\/albacete-provincia\/albacete\/audios\/albacete-mediodia-20180911_542691\"><strong>Cope<\/strong><\/a><\/p>\n<p><strong>EsRadio<\/strong><\/p>\n<p><a href=\"https:\/\/www.ondacero.es\/emisoras\/castilla-la-mancha\/albacete\/audios-podcast\/albacete-en-la-onda\/albacete-en-la-onda-jueves-13092018_201809135b9a53450cf2c81afb27b69e.html\"><strong>Onda Cero<\/strong><\/a><\/p>\n<p>&nbsp;    \t<\/p>\n","protected":false},"excerpt":{"rendered":"<p>In the middle of Feria de Albacete, Jos\u00e9 Manuel Mart\u00ednez, Managing Director of Eiffage Energ\u00eda has given several interviews to radio stations. Speaking to COPE, Jos\u00e9 Manuel Mart\u00ednez, a native of Albacete, talked about Eiffage Energ\u00eda\u2019s presence both worldwide and in the province of Albacete, in addition to some of the company\u2019s most recent projects. &#8230; <a title=\"Eiffage Energ\u00eda featured on the radio at Feria de Albacete\" class=\"read-more\" href=\"https:\/\/www.eiffageenergiasistemas.com\/en\/2018\/09\/14\/eiffage-energia-featured-on-the-radio-at-feria-de-albacete\/\" aria-label=\"Read more about Eiffage Energ\u00eda featured on the radio at Feria de Albacete\">Read more<\/a><\/p>\n","protected":false},"author":1,"featured_media":16458,"comment_status":"open","ping_status":"open","sticky":false,"template":"","format":"standard","meta":{"footnotes":""},"categories":[1333],"tags":[611,879,908,1015,737,612,1016,648,880],"class_list":["post-16656","post","type-post","status-publish","format-standard","has-post-thumbnail","hentry","category-eiffage-energia-en","tag-eiffage-energia-en","tag-eiffage-energia-albacete-en","tag-electromedicina-en","tag-energias-renovable-en","tag-plan-de-igualdad-en","tag-grupo-eiffage-energia-en","tag-mantenimeinto-en","tag-prevencion-de-riesgos-laborales-en","tag-sede-albacete-en"],"yoast_head":"<!-- This site is optimized with the Yoast SEO plugin v27.5 - https:\/\/yoast.com\/product\/yoast-seo-wordpress\/ -->\n<title>Eiffage Energ\u00eda featured on the radio at Feria de Albacete - Eiffage Energ\u00eda Sistemas<\/title>\n<meta name=\"robots\" content=\"index, follow, max-snippet:-1, max-image-preview:large, max-video-preview:-1\" \/>\n<link rel=\"canonical\" href=\"https:\/\/www.eiffageenergiasistemas.com\/en\/2018\/09\/14\/eiffage-energia-featured-on-the-radio-at-feria-de-albacete\/\" \/>\n<meta property=\"og:locale\" content=\"en_US\" \/>\n<meta property=\"og:type\" content=\"article\" \/>\n<meta property=\"og:title\" content=\"Eiffage Energ\u00eda featured on the radio at Feria de Albacete - Eiffage Energ\u00eda Sistemas\" \/>\n<meta property=\"og:description\" content=\"In the middle of Feria de Albacete, Jos\u00e9 Manuel Mart\u00ednez, Managing Director of Eiffage Energ\u00eda has given several interviews to radio stations. Speaking to COPE, Jos\u00e9 Manuel Mart\u00ednez, a native of Albacete, talked about Eiffage Energ\u00eda\u2019s presence both worldwide and in the province of Albacete, in addition to some of the company\u2019s most recent projects. ... Read more\" \/>\n<meta property=\"og:url\" content=\"https:\/\/www.eiffageenergiasistemas.com\/en\/2018\/09\/14\/eiffage-energia-featured-on-the-radio-at-feria-de-albacete\/\" \/>\n<meta property=\"og:site_name\" content=\"Eiffage Energ\u00eda Sistemas\" \/>\n<meta property=\"article:published_time\" content=\"2018-09-14T06:27:06+00:00\" \/>\n<meta property=\"article:modified_time\" content=\"2022-02-18T07:33:19+00:00\" \/>\n<meta property=\"og:image\" content=\"https:\/\/www.eiffageenergiasistemas.com\/wp-content\/uploads\/2018\/09\/entrevista-jose-manuel-esradio-director-eiffage-energia-feria-albacete-1.jpg\" \/>\n\t<meta property=\"og:image:width\" content=\"895\" \/>\n\t<meta property=\"og:image:height\" content=\"569\" \/>\n\t<meta property=\"og:image:type\" content=\"image\/jpeg\" \/>\n<meta name=\"author\" content=\"Eiffage Energia\" \/>\n<meta name=\"twitter:card\" content=\"summary_large_image\" \/>\n<script type=\"application\/ld+json\" class=\"yoast-schema-graph\">{\"@context\":\"https:\\\/\\\/schema.org\",\"@graph\":[{\"@type\":\"Article\",\"@id\":\"https:\\\/\\\/www.eiffageenergiasistemas.com\\\/en\\\/2018\\\/09\\\/14\\\/eiffage-energia-featured-on-the-radio-at-feria-de-albacete\\\/#article\",\"isPartOf\":{\"@id\":\"https:\\\/\\\/www.eiffageenergiasistemas.com\\\/en\\\/2018\\\/09\\\/14\\\/eiffage-energia-featured-on-the-radio-at-feria-de-albacete\\\/\"},\"author\":{\"name\":\"Eiffage Energia\",\"@id\":\"https:\\\/\\\/www.eiffageenergiasistemas.com\\\/en\\\/#\\\/schema\\\/person\\\/cf9c666f5eb3c12fba3b18aeb5edf4ec\"},\"headline\":\"Eiffage Energ\u00eda featured on the radio at Feria de Albacete\",\"datePublished\":\"2018-09-14T06:27:06+00:00\",\"dateModified\":\"2022-02-18T07:33:19+00:00\",\"mainEntityOfPage\":{\"@id\":\"https:\\\/\\\/www.eiffageenergiasistemas.com\\\/en\\\/2018\\\/09\\\/14\\\/eiffage-energia-featured-on-the-radio-at-feria-de-albacete\\\/\"},\"wordCount\":577,\"commentCount\":0,\"publisher\":{\"@id\":\"https:\\\/\\\/www.eiffageenergiasistemas.com\\\/en\\\/#organization\"},\"image\":{\"@id\":\"https:\\\/\\\/www.eiffageenergiasistemas.com\\\/en\\\/2018\\\/09\\\/14\\\/eiffage-energia-featured-on-the-radio-at-feria-de-albacete\\\/#primaryimage\"},\"thumbnailUrl\":\"https:\\\/\\\/www.eiffageenergiasistemas.com\\\/wp-content\\\/uploads\\\/2018\\\/09\\\/entrevista-jose-manuel-esradio-director-eiffage-energia-feria-albacete-1.jpg\",\"keywords\":[\"Eiffage Energ\u00eda\",\"Eiffage Energ\u00eda Albacete\",\"Electromedicina\",\"energ\u00edas renovable\",\"Equality Plan\",\"grupo eiffage energ\u00eda\",\"mantenimeinto\",\"Prevention of occupational hazards\",\"sede Albacete\"],\"articleSection\":[\"Eiffage Energ\u00eda\"],\"inLanguage\":\"en-US\",\"potentialAction\":[{\"@type\":\"CommentAction\",\"name\":\"Comment\",\"target\":[\"https:\\\/\\\/www.eiffageenergiasistemas.com\\\/en\\\/2018\\\/09\\\/14\\\/eiffage-energia-featured-on-the-radio-at-feria-de-albacete\\\/#respond\"]}]},{\"@type\":\"WebPage\",\"@id\":\"https:\\\/\\\/www.eiffageenergiasistemas.com\\\/en\\\/2018\\\/09\\\/14\\\/eiffage-energia-featured-on-the-radio-at-feria-de-albacete\\\/\",\"url\":\"https:\\\/\\\/www.eiffageenergiasistemas.com\\\/en\\\/2018\\\/09\\\/14\\\/eiffage-energia-featured-on-the-radio-at-feria-de-albacete\\\/\",\"name\":\"Eiffage Energ\u00eda featured on the radio at Feria de Albacete - Eiffage Energ\u00eda Sistemas\",\"isPartOf\":{\"@id\":\"https:\\\/\\\/www.eiffageenergiasistemas.com\\\/en\\\/#website\"},\"primaryImageOfPage\":{\"@id\":\"https:\\\/\\\/www.eiffageenergiasistemas.com\\\/en\\\/2018\\\/09\\\/14\\\/eiffage-energia-featured-on-the-radio-at-feria-de-albacete\\\/#primaryimage\"},\"image\":{\"@id\":\"https:\\\/\\\/www.eiffageenergiasistemas.com\\\/en\\\/2018\\\/09\\\/14\\\/eiffage-energia-featured-on-the-radio-at-feria-de-albacete\\\/#primaryimage\"},\"thumbnailUrl\":\"https:\\\/\\\/www.eiffageenergiasistemas.com\\\/wp-content\\\/uploads\\\/2018\\\/09\\\/entrevista-jose-manuel-esradio-director-eiffage-energia-feria-albacete-1.jpg\",\"datePublished\":\"2018-09-14T06:27:06+00:00\",\"dateModified\":\"2022-02-18T07:33:19+00:00\",\"breadcrumb\":{\"@id\":\"https:\\\/\\\/www.eiffageenergiasistemas.com\\\/en\\\/2018\\\/09\\\/14\\\/eiffage-energia-featured-on-the-radio-at-feria-de-albacete\\\/#breadcrumb\"},\"inLanguage\":\"en-US\",\"potentialAction\":[{\"@type\":\"ReadAction\",\"target\":[\"https:\\\/\\\/www.eiffageenergiasistemas.com\\\/en\\\/2018\\\/09\\\/14\\\/eiffage-energia-featured-on-the-radio-at-feria-de-albacete\\\/\"]}]},{\"@type\":\"ImageObject\",\"inLanguage\":\"en-US\",\"@id\":\"https:\\\/\\\/www.eiffageenergiasistemas.com\\\/en\\\/2018\\\/09\\\/14\\\/eiffage-energia-featured-on-the-radio-at-feria-de-albacete\\\/#primaryimage\",\"url\":\"https:\\\/\\\/www.eiffageenergiasistemas.com\\\/wp-content\\\/uploads\\\/2018\\\/09\\\/entrevista-jose-manuel-esradio-director-eiffage-energia-feria-albacete-1.jpg\",\"contentUrl\":\"https:\\\/\\\/www.eiffageenergiasistemas.com\\\/wp-content\\\/uploads\\\/2018\\\/09\\\/entrevista-jose-manuel-esradio-director-eiffage-energia-feria-albacete-1.jpg\",\"width\":895,\"height\":569,\"caption\":\"ntrevista-jose-manuel-esradio-director-eiffage-energia-feria-albacete\"},{\"@type\":\"BreadcrumbList\",\"@id\":\"https:\\\/\\\/www.eiffageenergiasistemas.com\\\/en\\\/2018\\\/09\\\/14\\\/eiffage-energia-featured-on-the-radio-at-feria-de-albacete\\\/#breadcrumb\",\"itemListElement\":[{\"@type\":\"ListItem\",\"position\":1,\"name\":\"Home\",\"item\":\"https:\\\/\\\/www.eiffageenergiasistemas.com\\\/en\\\/\"},{\"@type\":\"ListItem\",\"position\":2,\"name\":\"Eiffage Energ\u00eda featured on the radio at Feria de Albacete\"}]},{\"@type\":\"WebSite\",\"@id\":\"https:\\\/\\\/www.eiffageenergiasistemas.com\\\/en\\\/#website\",\"url\":\"https:\\\/\\\/www.eiffageenergiasistemas.com\\\/en\\\/\",\"name\":\"Eiffage Energ\u00eda Sistemas\",\"description\":\"\",\"publisher\":{\"@id\":\"https:\\\/\\\/www.eiffageenergiasistemas.com\\\/en\\\/#organization\"},\"potentialAction\":[{\"@type\":\"SearchAction\",\"target\":{\"@type\":\"EntryPoint\",\"urlTemplate\":\"https:\\\/\\\/www.eiffageenergiasistemas.com\\\/en\\\/?s={search_term_string}\"},\"query-input\":{\"@type\":\"PropertyValueSpecification\",\"valueRequired\":true,\"valueName\":\"search_term_string\"}}],\"inLanguage\":\"en-US\"},{\"@type\":\"Organization\",\"@id\":\"https:\\\/\\\/www.eiffageenergiasistemas.com\\\/en\\\/#organization\",\"name\":\"Eiffage Energ\u00eda Sistemas\",\"url\":\"https:\\\/\\\/www.eiffageenergiasistemas.com\\\/en\\\/\",\"logo\":{\"@type\":\"ImageObject\",\"inLanguage\":\"en-US\",\"@id\":\"https:\\\/\\\/www.eiffageenergiasistemas.com\\\/en\\\/#\\\/schema\\\/logo\\\/image\\\/\",\"url\":\"https:\\\/\\\/www.eiffageenergiasistemas.com\\\/wp-content\\\/uploads\\\/2022\\\/05\\\/cropped-cropped-eiffage-energia-sistemas-logo-1.png\",\"contentUrl\":\"https:\\\/\\\/www.eiffageenergiasistemas.com\\\/wp-content\\\/uploads\\\/2022\\\/05\\\/cropped-cropped-eiffage-energia-sistemas-logo-1.png\",\"width\":741,\"height\":250,\"caption\":\"Eiffage Energ\u00eda Sistemas\"},\"image\":{\"@id\":\"https:\\\/\\\/www.eiffageenergiasistemas.com\\\/en\\\/#\\\/schema\\\/logo\\\/image\\\/\"}},{\"@type\":\"Person\",\"@id\":\"https:\\\/\\\/www.eiffageenergiasistemas.com\\\/en\\\/#\\\/schema\\\/person\\\/cf9c666f5eb3c12fba3b18aeb5edf4ec\",\"name\":\"Eiffage Energia\",\"sameAs\":[\"http:\\\/\\\/www.dev.energia.eiffage.es\"],\"url\":\"https:\\\/\\\/www.eiffageenergiasistemas.com\\\/en\\\/author\\\/eiffage-energia\\\/\"}]}<\/script>\n<!-- \/ Yoast SEO plugin. -->","yoast_head_json":{"title":"Eiffage Energ\u00eda featured on the radio at Feria de Albacete - Eiffage Energ\u00eda Sistemas","robots":{"index":"index","follow":"follow","max-snippet":"max-snippet:-1","max-image-preview":"max-image-preview:large","max-video-preview":"max-video-preview:-1"},"canonical":"https:\/\/www.eiffageenergiasistemas.com\/en\/2018\/09\/14\/eiffage-energia-featured-on-the-radio-at-feria-de-albacete\/","og_locale":"en_US","og_type":"article","og_title":"Eiffage Energ\u00eda featured on the radio at Feria de Albacete - Eiffage Energ\u00eda Sistemas","og_description":"In the middle of Feria de Albacete, Jos\u00e9 Manuel Mart\u00ednez, Managing Director of Eiffage Energ\u00eda has given several interviews to radio stations. Speaking to COPE, Jos\u00e9 Manuel Mart\u00ednez, a native of Albacete, talked about Eiffage Energ\u00eda\u2019s presence both worldwide and in the province of Albacete, in addition to some of the company\u2019s most recent projects. ... Read more","og_url":"https:\/\/www.eiffageenergiasistemas.com\/en\/2018\/09\/14\/eiffage-energia-featured-on-the-radio-at-feria-de-albacete\/","og_site_name":"Eiffage Energ\u00eda Sistemas","article_published_time":"2018-09-14T06:27:06+00:00","article_modified_time":"2022-02-18T07:33:19+00:00","og_image":[{"width":895,"height":569,"url":"https:\/\/www.eiffageenergiasistemas.com\/wp-content\/uploads\/2018\/09\/entrevista-jose-manuel-esradio-director-eiffage-energia-feria-albacete-1.jpg","type":"image\/jpeg"}],"author":"Eiffage Energia","twitter_card":"summary_large_image","schema":{"@context":"https:\/\/schema.org","@graph":[{"@type":"Article","@id":"https:\/\/www.eiffageenergiasistemas.com\/en\/2018\/09\/14\/eiffage-energia-featured-on-the-radio-at-feria-de-albacete\/#article","isPartOf":{"@id":"https:\/\/www.eiffageenergiasistemas.com\/en\/2018\/09\/14\/eiffage-energia-featured-on-the-radio-at-feria-de-albacete\/"},"author":{"name":"Eiffage Energia","@id":"https:\/\/www.eiffageenergiasistemas.com\/en\/#\/schema\/person\/cf9c666f5eb3c12fba3b18aeb5edf4ec"},"headline":"Eiffage Energ\u00eda featured on the radio at Feria de Albacete","datePublished":"2018-09-14T06:27:06+00:00","dateModified":"2022-02-18T07:33:19+00:00","mainEntityOfPage":{"@id":"https:\/\/www.eiffageenergiasistemas.com\/en\/2018\/09\/14\/eiffage-energia-featured-on-the-radio-at-feria-de-albacete\/"},"wordCount":577,"commentCount":0,"publisher":{"@id":"https:\/\/www.eiffageenergiasistemas.com\/en\/#organization"},"image":{"@id":"https:\/\/www.eiffageenergiasistemas.com\/en\/2018\/09\/14\/eiffage-energia-featured-on-the-radio-at-feria-de-albacete\/#primaryimage"},"thumbnailUrl":"https:\/\/www.eiffageenergiasistemas.com\/wp-content\/uploads\/2018\/09\/entrevista-jose-manuel-esradio-director-eiffage-energia-feria-albacete-1.jpg","keywords":["Eiffage Energ\u00eda","Eiffage Energ\u00eda Albacete","Electromedicina","energ\u00edas renovable","Equality Plan","grupo eiffage energ\u00eda","mantenimeinto","Prevention of occupational hazards","sede Albacete"],"articleSection":["Eiffage Energ\u00eda"],"inLanguage":"en-US","potentialAction":[{"@type":"CommentAction","name":"Comment","target":["https:\/\/www.eiffageenergiasistemas.com\/en\/2018\/09\/14\/eiffage-energia-featured-on-the-radio-at-feria-de-albacete\/#respond"]}]},{"@type":"WebPage","@id":"https:\/\/www.eiffageenergiasistemas.com\/en\/2018\/09\/14\/eiffage-energia-featured-on-the-radio-at-feria-de-albacete\/","url":"https:\/\/www.eiffageenergiasistemas.com\/en\/2018\/09\/14\/eiffage-energia-featured-on-the-radio-at-feria-de-albacete\/","name":"Eiffage Energ\u00eda featured on the radio at Feria de Albacete - Eiffage Energ\u00eda Sistemas","isPartOf":{"@id":"https:\/\/www.eiffageenergiasistemas.com\/en\/#website"},"primaryImageOfPage":{"@id":"https:\/\/www.eiffageenergiasistemas.com\/en\/2018\/09\/14\/eiffage-energia-featured-on-the-radio-at-feria-de-albacete\/#primaryimage"},"image":{"@id":"https:\/\/www.eiffageenergiasistemas.com\/en\/2018\/09\/14\/eiffage-energia-featured-on-the-radio-at-feria-de-albacete\/#primaryimage"},"thumbnailUrl":"https:\/\/www.eiffageenergiasistemas.com\/wp-content\/uploads\/2018\/09\/entrevista-jose-manuel-esradio-director-eiffage-energia-feria-albacete-1.jpg","datePublished":"2018-09-14T06:27:06+00:00","dateModified":"2022-02-18T07:33:19+00:00","breadcrumb":{"@id":"https:\/\/www.eiffageenergiasistemas.com\/en\/2018\/09\/14\/eiffage-energia-featured-on-the-radio-at-feria-de-albacete\/#breadcrumb"},"inLanguage":"en-US","potentialAction":[{"@type":"ReadAction","target":["https:\/\/www.eiffageenergiasistemas.com\/en\/2018\/09\/14\/eiffage-energia-featured-on-the-radio-at-feria-de-albacete\/"]}]},{"@type":"ImageObject","inLanguage":"en-US","@id":"https:\/\/www.eiffageenergiasistemas.com\/en\/2018\/09\/14\/eiffage-energia-featured-on-the-radio-at-feria-de-albacete\/#primaryimage","url":"https:\/\/www.eiffageenergiasistemas.com\/wp-content\/uploads\/2018\/09\/entrevista-jose-manuel-esradio-director-eiffage-energia-feria-albacete-1.jpg","contentUrl":"https:\/\/www.eiffageenergiasistemas.com\/wp-content\/uploads\/2018\/09\/entrevista-jose-manuel-esradio-director-eiffage-energia-feria-albacete-1.jpg","width":895,"height":569,"caption":"ntrevista-jose-manuel-esradio-director-eiffage-energia-feria-albacete"},{"@type":"BreadcrumbList","@id":"https:\/\/www.eiffageenergiasistemas.com\/en\/2018\/09\/14\/eiffage-energia-featured-on-the-radio-at-feria-de-albacete\/#breadcrumb","itemListElement":[{"@type":"ListItem","position":1,"name":"Home","item":"https:\/\/www.eiffageenergiasistemas.com\/en\/"},{"@type":"ListItem","position":2,"name":"Eiffage Energ\u00eda featured on the radio at Feria de Albacete"}]},{"@type":"WebSite","@id":"https:\/\/www.eiffageenergiasistemas.com\/en\/#website","url":"https:\/\/www.eiffageenergiasistemas.com\/en\/","name":"Eiffage Energ\u00eda Sistemas","description":"","publisher":{"@id":"https:\/\/www.eiffageenergiasistemas.com\/en\/#organization"},"potentialAction":[{"@type":"SearchAction","target":{"@type":"EntryPoint","urlTemplate":"https:\/\/www.eiffageenergiasistemas.com\/en\/?s={search_term_string}"},"query-input":{"@type":"PropertyValueSpecification","valueRequired":true,"valueName":"search_term_string"}}],"inLanguage":"en-US"},{"@type":"Organization","@id":"https:\/\/www.eiffageenergiasistemas.com\/en\/#organization","name":"Eiffage Energ\u00eda Sistemas","url":"https:\/\/www.eiffageenergiasistemas.com\/en\/","logo":{"@type":"ImageObject","inLanguage":"en-US","@id":"https:\/\/www.eiffageenergiasistemas.com\/en\/#\/schema\/logo\/image\/","url":"https:\/\/www.eiffageenergiasistemas.com\/wp-content\/uploads\/2022\/05\/cropped-cropped-eiffage-energia-sistemas-logo-1.png","contentUrl":"https:\/\/www.eiffageenergiasistemas.com\/wp-content\/uploads\/2022\/05\/cropped-cropped-eiffage-energia-sistemas-logo-1.png","width":741,"height":250,"caption":"Eiffage Energ\u00eda Sistemas"},"image":{"@id":"https:\/\/www.eiffageenergiasistemas.com\/en\/#\/schema\/logo\/image\/"}},{"@type":"Person","@id":"https:\/\/www.eiffageenergiasistemas.com\/en\/#\/schema\/person\/cf9c666f5eb3c12fba3b18aeb5edf4ec","name":"Eiffage Energia","sameAs":["http:\/\/www.dev.energia.eiffage.es"],"url":"https:\/\/www.eiffageenergiasistemas.com\/en\/author\/eiffage-energia\/"}]}},"_links":{"self":[{"href":"https:\/\/www.eiffageenergiasistemas.com\/en\/wp-json\/wp\/v2\/posts\/16656","targetHints":{"allow":["GET"]}}],"collection":[{"href":"https:\/\/www.eiffageenergiasistemas.com\/en\/wp-json\/wp\/v2\/posts"}],"about":[{"href":"https:\/\/www.eiffageenergiasistemas.com\/en\/wp-json\/wp\/v2\/types\/post"}],"author":[{"embeddable":true,"href":"https:\/\/www.eiffageenergiasistemas.com\/en\/wp-json\/wp\/v2\/users\/1"}],"replies":[{"embeddable":true,"href":"https:\/\/www.eiffageenergiasistemas.com\/en\/wp-json\/wp\/v2\/comments?post=16656"}],"version-history":[{"count":0,"href":"https:\/\/www.eiffageenergiasistemas.com\/en\/wp-json\/wp\/v2\/posts\/16656\/revisions"}],"wp:featuredmedia":[{"embeddable":true,"href":"https:\/\/www.eiffageenergiasistemas.com\/en\/wp-json\/wp\/v2\/media\/16458"}],"wp:attachment":[{"href":"https:\/\/www.eiffageenergiasistemas.com\/en\/wp-json\/wp\/v2\/media?parent=16656"}],"wp:term":[{"taxonomy":"category","embeddable":true,"href":"https:\/\/www.eiffageenergiasistemas.com\/en\/wp-json\/wp\/v2\/categories?post=16656"},{"taxonomy":"post_tag","embeddable":true,"href":"https:\/\/www.eiffageenergiasistemas.com\/en\/wp-json\/wp\/v2\/tags?post=16656"}],"curies":[{"name":"wp","href":"https:\/\/api.w.org\/{rel}","templated":true}]}}