{"id":41005,"date":"2021-04-07T08:48:20","date_gmt":"2021-04-07T08:48:20","guid":{"rendered":"https:\/\/www.eiffageenergiasistemas.com\/eiffage-energia-begins-work-on-the-cuevas-de-velasco-wind-farm-in-cuenca\/"},"modified":"2021-08-13T07:38:31","modified_gmt":"2021-08-13T07:38:31","slug":"eiffage-energia-begins-work-on-the-cuevas-de-velasco-wind-farm-in-cuenca","status":"publish","type":"post","link":"https:\/\/www.eiffageenergiasistemas.com\/en\/2021\/04\/07\/eiffage-energia-begins-work-on-the-cuevas-de-velasco-wind-farm-in-cuenca\/","title":{"rendered":"Eiffage Energ\u00eda begins work on the Cuevas de Velasco Wind Farm in Cuenca"},"content":{"rendered":"<p>Cuevas de Velasco wind farm. <a href=\"https:\/\/www.eiffageenergiasistemas.com\">Eiffage Energ\u00eda<\/a> has just begun work on the Cuevas de Velasco Wind Farm (also known as &#8220;El Monte&#8221;), developed by Haven Energy, an <a href=\"https:\/\/www.azora.es\">Azora Capital<\/a>company, consisting of the construction of the farm and its associated evacuation system. The generation farm is located between the municipal districts of Torrejoncillo del Rey and Huerta de la Obispalia, in Cuenca province. The approximate execution period is 15 months. The wind farm project includes a total of 19 wind turbines with a unit power of 5.5 MW and a total power of 100 MW. Eiffage Energ\u00eda will be responsible for the execution of the accesses; internal roads; installation platforms; foundations; drainage; cable trenches; medium voltage network; communications; and grounding.<\/p>\n<p><strong>Cuevas de Velasco Wind Farm Evacuation System<\/strong><\/p>\n<p>Eiffage Energ\u00eda will also build the evacuation system associated with the Cuevas de Velasco wind farm. This system consists of: &#8211; The &#8220;Villar del \u00c1guila&#8221; 220\/30kV substation. This consists of a Line-Transformer position and an ONAN\/ONAF 90\/120 MW power transformer. &#8211; A 220kV overhead line. Originating at the \u201cVillar del \u00c1guila\u201d substation and ending at the \u201cVillares del Saz\u201d substation, owned by Red El\u00e9ctrica Espa\u00f1ola. The estimated length of this evacuation line is 13.640 km. &#8211; A 220kV Metering Centre, adjoining the \u201cVillares del Saz\u201d substation. It will have voltage and current transformers with similar characteristics to those installed at the Villar del \u00c1guila substation for use as a boundary point with Red El\u00e9ctrica Espa\u00f1ola.<\/p>\n<p><strong>Benchmarks in the Wind Energy sector<\/strong><\/p>\n<p>The figures, dated February 2021, show data that endorse our position in the sector: 90 wind farms constructed, producing almost 3.2 GW, with the construction of 2305 wind turbines in Spain, as well as in countries like Poland, Belgium, Portugal, Senegal, Mexico, Chile, Jamaica, Brazil and England.<\/p>\n<p><img fetchpriority=\"high\" decoding=\"async\" width=\"1400\" height=\"1050\" class=\"alignnone size-full wp-image-28043\" src=\"\/\/www.eiffageenergiasistemas.com\/wp-content\/uploads\/2021\/04\/P.E.-CUEVAS-DE-VELASCO-9.jpg\" alt=\"\" srcset=\"https:\/\/www.eiffageenergiasistemas.com\/wp-content\/uploads\/2021\/04\/P.E.-CUEVAS-DE-VELASCO-9.jpg 1400w, https:\/\/www.eiffageenergiasistemas.com\/wp-content\/uploads\/2021\/04\/P.E.-CUEVAS-DE-VELASCO-9-300x225.jpg 300w, https:\/\/www.eiffageenergiasistemas.com\/wp-content\/uploads\/2021\/04\/P.E.-CUEVAS-DE-VELASCO-9-1024x768.jpg 1024w, https:\/\/www.eiffageenergiasistemas.com\/wp-content\/uploads\/2021\/04\/P.E.-CUEVAS-DE-VELASCO-9-768x576.jpg 768w\" sizes=\"(max-width: 1400px) 100vw, 1400px\" \/> <img decoding=\"async\" class=\"alignnone size-full wp-image-28031\" src=\"\/\/www.eiffageenergiasistemas.com\/wp-content\/uploads\/2021\/04\/P.E.-CUEVAS-DE-VELASCO-5.jpg\" alt=\"\" \/> <img decoding=\"async\" class=\"alignnone size-full wp-image-28028\" src=\"\/\/www.eiffageenergiasistemas.com\/wp-content\/uploads\/2021\/04\/P.E.-CUEVAS-DE-VELASCO-4.jpg\" alt=\"\" \/> <img decoding=\"async\" class=\"alignnone size-full wp-image-28034\" src=\"\/\/www.eiffageenergiasistemas.com\/wp-content\/uploads\/2021\/04\/P.E.-CUEVAS-DE-VELASCO-6.jpg\" alt=\"\" \/> <img decoding=\"async\" width=\"1400\" height=\"1050\" class=\"alignnone size-full wp-image-28040\" src=\"\/\/www.eiffageenergiasistemas.com\/wp-content\/uploads\/2021\/04\/P.E.-CUEVAS-DE-VELASCO-8.jpg\" alt=\"\" srcset=\"https:\/\/www.eiffageenergiasistemas.com\/wp-content\/uploads\/2021\/04\/P.E.-CUEVAS-DE-VELASCO-8.jpg 1400w, https:\/\/www.eiffageenergiasistemas.com\/wp-content\/uploads\/2021\/04\/P.E.-CUEVAS-DE-VELASCO-8-300x225.jpg 300w, https:\/\/www.eiffageenergiasistemas.com\/wp-content\/uploads\/2021\/04\/P.E.-CUEVAS-DE-VELASCO-8-1024x768.jpg 1024w, https:\/\/www.eiffageenergiasistemas.com\/wp-content\/uploads\/2021\/04\/P.E.-CUEVAS-DE-VELASCO-8-768x576.jpg 768w\" sizes=\"(max-width: 1400px) 100vw, 1400px\" \/> <img decoding=\"async\" width=\"1400\" height=\"1050\" class=\"alignnone size-full wp-image-28019\" src=\"\/\/www.eiffageenergiasistemas.com\/wp-content\/uploads\/2021\/04\/P.E.-CUEVAS-DE-VELASCO-1.jpg\" alt=\"\" srcset=\"https:\/\/www.eiffageenergiasistemas.com\/wp-content\/uploads\/2021\/04\/P.E.-CUEVAS-DE-VELASCO-1.jpg 1400w, https:\/\/www.eiffageenergiasistemas.com\/wp-content\/uploads\/2021\/04\/P.E.-CUEVAS-DE-VELASCO-1-300x225.jpg 300w, https:\/\/www.eiffageenergiasistemas.com\/wp-content\/uploads\/2021\/04\/P.E.-CUEVAS-DE-VELASCO-1-1024x768.jpg 1024w, https:\/\/www.eiffageenergiasistemas.com\/wp-content\/uploads\/2021\/04\/P.E.-CUEVAS-DE-VELASCO-1-768x576.jpg 768w\" sizes=\"(max-width: 1400px) 100vw, 1400px\" \/> <img decoding=\"async\" class=\"alignnone size-full wp-image-28022\" src=\"\/\/www.eiffageenergiasistemas.com\/wp-content\/uploads\/2021\/04\/P.E.-CUEVAS-DE-VELASCO-2.jpg\" alt=\"\" \/><\/p>\n","protected":false},"excerpt":{"rendered":"<p>Cuevas de Velasco wind farm. Eiffage Energ\u00eda has just begun work on the Cuevas de Velasco Wind Farm (also known as &#8220;El Monte&#8221;), developed by Haven Energy, an Azora Capitalcompany, consisting of the construction of the farm and its associated evacuation system. The generation farm is located between the municipal districts of Torrejoncillo del Rey &#8230; <a title=\"Eiffage Energ\u00eda begins work on the Cuevas de Velasco Wind Farm in Cuenca\" class=\"read-more\" href=\"https:\/\/www.eiffageenergiasistemas.com\/en\/2021\/04\/07\/eiffage-energia-begins-work-on-the-cuevas-de-velasco-wind-farm-in-cuenca\/\" aria-label=\"Read more about Eiffage Energ\u00eda begins work on the Cuevas de Velasco Wind Farm in Cuenca\">Read more<\/a><\/p>\n","protected":false},"author":3,"featured_media":40935,"comment_status":"open","ping_status":"open","sticky":false,"template":"","format":"standard","meta":{"footnotes":""},"categories":[1359,1435],"tags":[1437,1438,1439,1436,1440],"class_list":["post-41005","post","type-post","status-publish","format-standard","has-post-thumbnail","hentry","category-eiffage-energia-en-2","category-renewable-energies","tag-azora-capital-en","tag-cuenca-en","tag-cuevas-de-velasco-en","tag-energia-eolica-en-2","tag-haven-energy-en"],"yoast_head":"<!-- This site is optimized with the Yoast SEO plugin v27.5 - https:\/\/yoast.com\/product\/yoast-seo-wordpress\/ -->\n<title>begins work on the Cuevas de Velasco Wind Farm in Cuenca<\/title>\n<meta name=\"description\" content=\"Eiffage Energ\u00eda has just begun work on the Cuevas de Velasco Wind Farm (also known as &quot;El Monte&quot;), developed by Haven Energy, an Azora Capital.\" \/>\n<meta name=\"robots\" content=\"index, follow, max-snippet:-1, max-image-preview:large, max-video-preview:-1\" \/>\n<link rel=\"canonical\" href=\"https:\/\/www.eiffageenergiasistemas.com\/en\/2021\/04\/07\/eiffage-energia-begins-work-on-the-cuevas-de-velasco-wind-farm-in-cuenca\/\" \/>\n<meta property=\"og:locale\" content=\"en_US\" \/>\n<meta property=\"og:type\" content=\"article\" \/>\n<meta property=\"og:title\" content=\"begins work on the Cuevas de Velasco Wind Farm in Cuenca\" \/>\n<meta property=\"og:description\" content=\"Eiffage Energ\u00eda has just begun work on the Cuevas de Velasco Wind Farm (also known as &quot;El Monte&quot;), developed by Haven Energy, an Azora Capital.\" \/>\n<meta property=\"og:url\" content=\"https:\/\/www.eiffageenergiasistemas.com\/en\/2021\/04\/07\/eiffage-energia-begins-work-on-the-cuevas-de-velasco-wind-farm-in-cuenca\/\" \/>\n<meta property=\"og:site_name\" content=\"Eiffage Energ\u00eda Sistemas\" \/>\n<meta property=\"article:published_time\" content=\"2021-04-07T08:48:20+00:00\" \/>\n<meta property=\"article:modified_time\" content=\"2021-08-13T07:38:31+00:00\" \/>\n<meta property=\"og:image\" content=\"https:\/\/www.eiffageenergiasistemas.com\/wp-content\/uploads\/2021\/04\/P.E.-CUEVAS-DE-VELASCO-12b.jpg\" \/>\n\t<meta property=\"og:image:width\" content=\"1400\" \/>\n\t<meta property=\"og:image:height\" content=\"1050\" \/>\n\t<meta property=\"og:image:type\" content=\"image\/jpeg\" \/>\n<meta name=\"author\" content=\"Cristina Mart\u00ednez Garc\u00eda\" \/>\n<meta name=\"twitter:card\" content=\"summary_large_image\" \/>\n<script type=\"application\/ld+json\" class=\"yoast-schema-graph\">{\"@context\":\"https:\\\/\\\/schema.org\",\"@graph\":[{\"@type\":\"Article\",\"@id\":\"https:\\\/\\\/www.eiffageenergiasistemas.com\\\/en\\\/2021\\\/04\\\/07\\\/eiffage-energia-begins-work-on-the-cuevas-de-velasco-wind-farm-in-cuenca\\\/#article\",\"isPartOf\":{\"@id\":\"https:\\\/\\\/www.eiffageenergiasistemas.com\\\/en\\\/2021\\\/04\\\/07\\\/eiffage-energia-begins-work-on-the-cuevas-de-velasco-wind-farm-in-cuenca\\\/\"},\"author\":{\"name\":\"Cristina Mart\u00ednez Garc\u00eda\",\"@id\":\"https:\\\/\\\/www.eiffageenergiasistemas.com\\\/en\\\/#\\\/schema\\\/person\\\/2772ce374ce489b52082e05008fba6bf\"},\"headline\":\"Eiffage Energ\u00eda begins work on the Cuevas de Velasco Wind Farm in Cuenca\",\"datePublished\":\"2021-04-07T08:48:20+00:00\",\"dateModified\":\"2021-08-13T07:38:31+00:00\",\"mainEntityOfPage\":{\"@id\":\"https:\\\/\\\/www.eiffageenergiasistemas.com\\\/en\\\/2021\\\/04\\\/07\\\/eiffage-energia-begins-work-on-the-cuevas-de-velasco-wind-farm-in-cuenca\\\/\"},\"wordCount\":307,\"commentCount\":0,\"publisher\":{\"@id\":\"https:\\\/\\\/www.eiffageenergiasistemas.com\\\/en\\\/#organization\"},\"image\":{\"@id\":\"https:\\\/\\\/www.eiffageenergiasistemas.com\\\/en\\\/2021\\\/04\\\/07\\\/eiffage-energia-begins-work-on-the-cuevas-de-velasco-wind-farm-in-cuenca\\\/#primaryimage\"},\"thumbnailUrl\":\"https:\\\/\\\/www.eiffageenergiasistemas.com\\\/wp-content\\\/uploads\\\/2021\\\/04\\\/P.E.-CUEVAS-DE-VELASCO-12b.jpg\",\"keywords\":[\"Azora Capital\",\"Cuenca\",\"Cuevas de Velasco\",\"energ\u00eda e\u00f3lica\",\"Haven Energy\"],\"articleSection\":[\"Eiffage Energ\u00eda\",\"Renewable Energies\"],\"inLanguage\":\"en-US\",\"potentialAction\":[{\"@type\":\"CommentAction\",\"name\":\"Comment\",\"target\":[\"https:\\\/\\\/www.eiffageenergiasistemas.com\\\/en\\\/2021\\\/04\\\/07\\\/eiffage-energia-begins-work-on-the-cuevas-de-velasco-wind-farm-in-cuenca\\\/#respond\"]}]},{\"@type\":\"WebPage\",\"@id\":\"https:\\\/\\\/www.eiffageenergiasistemas.com\\\/en\\\/2021\\\/04\\\/07\\\/eiffage-energia-begins-work-on-the-cuevas-de-velasco-wind-farm-in-cuenca\\\/\",\"url\":\"https:\\\/\\\/www.eiffageenergiasistemas.com\\\/en\\\/2021\\\/04\\\/07\\\/eiffage-energia-begins-work-on-the-cuevas-de-velasco-wind-farm-in-cuenca\\\/\",\"name\":\"begins work on the Cuevas de Velasco Wind Farm in Cuenca\",\"isPartOf\":{\"@id\":\"https:\\\/\\\/www.eiffageenergiasistemas.com\\\/en\\\/#website\"},\"primaryImageOfPage\":{\"@id\":\"https:\\\/\\\/www.eiffageenergiasistemas.com\\\/en\\\/2021\\\/04\\\/07\\\/eiffage-energia-begins-work-on-the-cuevas-de-velasco-wind-farm-in-cuenca\\\/#primaryimage\"},\"image\":{\"@id\":\"https:\\\/\\\/www.eiffageenergiasistemas.com\\\/en\\\/2021\\\/04\\\/07\\\/eiffage-energia-begins-work-on-the-cuevas-de-velasco-wind-farm-in-cuenca\\\/#primaryimage\"},\"thumbnailUrl\":\"https:\\\/\\\/www.eiffageenergiasistemas.com\\\/wp-content\\\/uploads\\\/2021\\\/04\\\/P.E.-CUEVAS-DE-VELASCO-12b.jpg\",\"datePublished\":\"2021-04-07T08:48:20+00:00\",\"dateModified\":\"2021-08-13T07:38:31+00:00\",\"description\":\"Eiffage Energ\u00eda has just begun work on the Cuevas de Velasco Wind Farm (also known as \\\"El Monte\\\"), developed by Haven Energy, an Azora Capital.\",\"breadcrumb\":{\"@id\":\"https:\\\/\\\/www.eiffageenergiasistemas.com\\\/en\\\/2021\\\/04\\\/07\\\/eiffage-energia-begins-work-on-the-cuevas-de-velasco-wind-farm-in-cuenca\\\/#breadcrumb\"},\"inLanguage\":\"en-US\",\"potentialAction\":[{\"@type\":\"ReadAction\",\"target\":[\"https:\\\/\\\/www.eiffageenergiasistemas.com\\\/en\\\/2021\\\/04\\\/07\\\/eiffage-energia-begins-work-on-the-cuevas-de-velasco-wind-farm-in-cuenca\\\/\"]}]},{\"@type\":\"ImageObject\",\"inLanguage\":\"en-US\",\"@id\":\"https:\\\/\\\/www.eiffageenergiasistemas.com\\\/en\\\/2021\\\/04\\\/07\\\/eiffage-energia-begins-work-on-the-cuevas-de-velasco-wind-farm-in-cuenca\\\/#primaryimage\",\"url\":\"https:\\\/\\\/www.eiffageenergiasistemas.com\\\/wp-content\\\/uploads\\\/2021\\\/04\\\/P.E.-CUEVAS-DE-VELASCO-12b.jpg\",\"contentUrl\":\"https:\\\/\\\/www.eiffageenergiasistemas.com\\\/wp-content\\\/uploads\\\/2021\\\/04\\\/P.E.-CUEVAS-DE-VELASCO-12b.jpg\",\"width\":1400,\"height\":1050},{\"@type\":\"BreadcrumbList\",\"@id\":\"https:\\\/\\\/www.eiffageenergiasistemas.com\\\/en\\\/2021\\\/04\\\/07\\\/eiffage-energia-begins-work-on-the-cuevas-de-velasco-wind-farm-in-cuenca\\\/#breadcrumb\",\"itemListElement\":[{\"@type\":\"ListItem\",\"position\":1,\"name\":\"Home\",\"item\":\"https:\\\/\\\/www.eiffageenergiasistemas.com\\\/en\\\/\"},{\"@type\":\"ListItem\",\"position\":2,\"name\":\"Eiffage Energ\u00eda begins work on the Cuevas de Velasco Wind Farm in Cuenca\"}]},{\"@type\":\"WebSite\",\"@id\":\"https:\\\/\\\/www.eiffageenergiasistemas.com\\\/en\\\/#website\",\"url\":\"https:\\\/\\\/www.eiffageenergiasistemas.com\\\/en\\\/\",\"name\":\"Eiffage Energ\u00eda Sistemas\",\"description\":\"\",\"publisher\":{\"@id\":\"https:\\\/\\\/www.eiffageenergiasistemas.com\\\/en\\\/#organization\"},\"potentialAction\":[{\"@type\":\"SearchAction\",\"target\":{\"@type\":\"EntryPoint\",\"urlTemplate\":\"https:\\\/\\\/www.eiffageenergiasistemas.com\\\/en\\\/?s={search_term_string}\"},\"query-input\":{\"@type\":\"PropertyValueSpecification\",\"valueRequired\":true,\"valueName\":\"search_term_string\"}}],\"inLanguage\":\"en-US\"},{\"@type\":\"Organization\",\"@id\":\"https:\\\/\\\/www.eiffageenergiasistemas.com\\\/en\\\/#organization\",\"name\":\"Eiffage Energ\u00eda Sistemas\",\"url\":\"https:\\\/\\\/www.eiffageenergiasistemas.com\\\/en\\\/\",\"logo\":{\"@type\":\"ImageObject\",\"inLanguage\":\"en-US\",\"@id\":\"https:\\\/\\\/www.eiffageenergiasistemas.com\\\/en\\\/#\\\/schema\\\/logo\\\/image\\\/\",\"url\":\"https:\\\/\\\/www.eiffageenergiasistemas.com\\\/wp-content\\\/uploads\\\/2022\\\/05\\\/cropped-cropped-eiffage-energia-sistemas-logo-1.png\",\"contentUrl\":\"https:\\\/\\\/www.eiffageenergiasistemas.com\\\/wp-content\\\/uploads\\\/2022\\\/05\\\/cropped-cropped-eiffage-energia-sistemas-logo-1.png\",\"width\":741,\"height\":250,\"caption\":\"Eiffage Energ\u00eda Sistemas\"},\"image\":{\"@id\":\"https:\\\/\\\/www.eiffageenergiasistemas.com\\\/en\\\/#\\\/schema\\\/logo\\\/image\\\/\"}},{\"@type\":\"Person\",\"@id\":\"https:\\\/\\\/www.eiffageenergiasistemas.com\\\/en\\\/#\\\/schema\\\/person\\\/2772ce374ce489b52082e05008fba6bf\",\"name\":\"Cristina Mart\u00ednez Garc\u00eda\",\"url\":\"https:\\\/\\\/www.eiffageenergiasistemas.com\\\/en\\\/author\\\/cristina\\\/\"}]}<\/script>\n<!-- \/ Yoast SEO plugin. -->","yoast_head_json":{"title":"begins work on the Cuevas de Velasco Wind Farm in Cuenca","description":"Eiffage Energ\u00eda has just begun work on the Cuevas de Velasco Wind Farm (also known as \"El Monte\"), developed by Haven Energy, an Azora Capital.","robots":{"index":"index","follow":"follow","max-snippet":"max-snippet:-1","max-image-preview":"max-image-preview:large","max-video-preview":"max-video-preview:-1"},"canonical":"https:\/\/www.eiffageenergiasistemas.com\/en\/2021\/04\/07\/eiffage-energia-begins-work-on-the-cuevas-de-velasco-wind-farm-in-cuenca\/","og_locale":"en_US","og_type":"article","og_title":"begins work on the Cuevas de Velasco Wind Farm in Cuenca","og_description":"Eiffage Energ\u00eda has just begun work on the Cuevas de Velasco Wind Farm (also known as \"El Monte\"), developed by Haven Energy, an Azora Capital.","og_url":"https:\/\/www.eiffageenergiasistemas.com\/en\/2021\/04\/07\/eiffage-energia-begins-work-on-the-cuevas-de-velasco-wind-farm-in-cuenca\/","og_site_name":"Eiffage Energ\u00eda Sistemas","article_published_time":"2021-04-07T08:48:20+00:00","article_modified_time":"2021-08-13T07:38:31+00:00","og_image":[{"width":1400,"height":1050,"url":"https:\/\/www.eiffageenergiasistemas.com\/wp-content\/uploads\/2021\/04\/P.E.-CUEVAS-DE-VELASCO-12b.jpg","type":"image\/jpeg"}],"author":"Cristina Mart\u00ednez Garc\u00eda","twitter_card":"summary_large_image","schema":{"@context":"https:\/\/schema.org","@graph":[{"@type":"Article","@id":"https:\/\/www.eiffageenergiasistemas.com\/en\/2021\/04\/07\/eiffage-energia-begins-work-on-the-cuevas-de-velasco-wind-farm-in-cuenca\/#article","isPartOf":{"@id":"https:\/\/www.eiffageenergiasistemas.com\/en\/2021\/04\/07\/eiffage-energia-begins-work-on-the-cuevas-de-velasco-wind-farm-in-cuenca\/"},"author":{"name":"Cristina Mart\u00ednez Garc\u00eda","@id":"https:\/\/www.eiffageenergiasistemas.com\/en\/#\/schema\/person\/2772ce374ce489b52082e05008fba6bf"},"headline":"Eiffage Energ\u00eda begins work on the Cuevas de Velasco Wind Farm in Cuenca","datePublished":"2021-04-07T08:48:20+00:00","dateModified":"2021-08-13T07:38:31+00:00","mainEntityOfPage":{"@id":"https:\/\/www.eiffageenergiasistemas.com\/en\/2021\/04\/07\/eiffage-energia-begins-work-on-the-cuevas-de-velasco-wind-farm-in-cuenca\/"},"wordCount":307,"commentCount":0,"publisher":{"@id":"https:\/\/www.eiffageenergiasistemas.com\/en\/#organization"},"image":{"@id":"https:\/\/www.eiffageenergiasistemas.com\/en\/2021\/04\/07\/eiffage-energia-begins-work-on-the-cuevas-de-velasco-wind-farm-in-cuenca\/#primaryimage"},"thumbnailUrl":"https:\/\/www.eiffageenergiasistemas.com\/wp-content\/uploads\/2021\/04\/P.E.-CUEVAS-DE-VELASCO-12b.jpg","keywords":["Azora Capital","Cuenca","Cuevas de Velasco","energ\u00eda e\u00f3lica","Haven Energy"],"articleSection":["Eiffage Energ\u00eda","Renewable Energies"],"inLanguage":"en-US","potentialAction":[{"@type":"CommentAction","name":"Comment","target":["https:\/\/www.eiffageenergiasistemas.com\/en\/2021\/04\/07\/eiffage-energia-begins-work-on-the-cuevas-de-velasco-wind-farm-in-cuenca\/#respond"]}]},{"@type":"WebPage","@id":"https:\/\/www.eiffageenergiasistemas.com\/en\/2021\/04\/07\/eiffage-energia-begins-work-on-the-cuevas-de-velasco-wind-farm-in-cuenca\/","url":"https:\/\/www.eiffageenergiasistemas.com\/en\/2021\/04\/07\/eiffage-energia-begins-work-on-the-cuevas-de-velasco-wind-farm-in-cuenca\/","name":"begins work on the Cuevas de Velasco Wind Farm in Cuenca","isPartOf":{"@id":"https:\/\/www.eiffageenergiasistemas.com\/en\/#website"},"primaryImageOfPage":{"@id":"https:\/\/www.eiffageenergiasistemas.com\/en\/2021\/04\/07\/eiffage-energia-begins-work-on-the-cuevas-de-velasco-wind-farm-in-cuenca\/#primaryimage"},"image":{"@id":"https:\/\/www.eiffageenergiasistemas.com\/en\/2021\/04\/07\/eiffage-energia-begins-work-on-the-cuevas-de-velasco-wind-farm-in-cuenca\/#primaryimage"},"thumbnailUrl":"https:\/\/www.eiffageenergiasistemas.com\/wp-content\/uploads\/2021\/04\/P.E.-CUEVAS-DE-VELASCO-12b.jpg","datePublished":"2021-04-07T08:48:20+00:00","dateModified":"2021-08-13T07:38:31+00:00","description":"Eiffage Energ\u00eda has just begun work on the Cuevas de Velasco Wind Farm (also known as \"El Monte\"), developed by Haven Energy, an Azora Capital.","breadcrumb":{"@id":"https:\/\/www.eiffageenergiasistemas.com\/en\/2021\/04\/07\/eiffage-energia-begins-work-on-the-cuevas-de-velasco-wind-farm-in-cuenca\/#breadcrumb"},"inLanguage":"en-US","potentialAction":[{"@type":"ReadAction","target":["https:\/\/www.eiffageenergiasistemas.com\/en\/2021\/04\/07\/eiffage-energia-begins-work-on-the-cuevas-de-velasco-wind-farm-in-cuenca\/"]}]},{"@type":"ImageObject","inLanguage":"en-US","@id":"https:\/\/www.eiffageenergiasistemas.com\/en\/2021\/04\/07\/eiffage-energia-begins-work-on-the-cuevas-de-velasco-wind-farm-in-cuenca\/#primaryimage","url":"https:\/\/www.eiffageenergiasistemas.com\/wp-content\/uploads\/2021\/04\/P.E.-CUEVAS-DE-VELASCO-12b.jpg","contentUrl":"https:\/\/www.eiffageenergiasistemas.com\/wp-content\/uploads\/2021\/04\/P.E.-CUEVAS-DE-VELASCO-12b.jpg","width":1400,"height":1050},{"@type":"BreadcrumbList","@id":"https:\/\/www.eiffageenergiasistemas.com\/en\/2021\/04\/07\/eiffage-energia-begins-work-on-the-cuevas-de-velasco-wind-farm-in-cuenca\/#breadcrumb","itemListElement":[{"@type":"ListItem","position":1,"name":"Home","item":"https:\/\/www.eiffageenergiasistemas.com\/en\/"},{"@type":"ListItem","position":2,"name":"Eiffage Energ\u00eda begins work on the Cuevas de Velasco Wind Farm in Cuenca"}]},{"@type":"WebSite","@id":"https:\/\/www.eiffageenergiasistemas.com\/en\/#website","url":"https:\/\/www.eiffageenergiasistemas.com\/en\/","name":"Eiffage Energ\u00eda Sistemas","description":"","publisher":{"@id":"https:\/\/www.eiffageenergiasistemas.com\/en\/#organization"},"potentialAction":[{"@type":"SearchAction","target":{"@type":"EntryPoint","urlTemplate":"https:\/\/www.eiffageenergiasistemas.com\/en\/?s={search_term_string}"},"query-input":{"@type":"PropertyValueSpecification","valueRequired":true,"valueName":"search_term_string"}}],"inLanguage":"en-US"},{"@type":"Organization","@id":"https:\/\/www.eiffageenergiasistemas.com\/en\/#organization","name":"Eiffage Energ\u00eda Sistemas","url":"https:\/\/www.eiffageenergiasistemas.com\/en\/","logo":{"@type":"ImageObject","inLanguage":"en-US","@id":"https:\/\/www.eiffageenergiasistemas.com\/en\/#\/schema\/logo\/image\/","url":"https:\/\/www.eiffageenergiasistemas.com\/wp-content\/uploads\/2022\/05\/cropped-cropped-eiffage-energia-sistemas-logo-1.png","contentUrl":"https:\/\/www.eiffageenergiasistemas.com\/wp-content\/uploads\/2022\/05\/cropped-cropped-eiffage-energia-sistemas-logo-1.png","width":741,"height":250,"caption":"Eiffage Energ\u00eda Sistemas"},"image":{"@id":"https:\/\/www.eiffageenergiasistemas.com\/en\/#\/schema\/logo\/image\/"}},{"@type":"Person","@id":"https:\/\/www.eiffageenergiasistemas.com\/en\/#\/schema\/person\/2772ce374ce489b52082e05008fba6bf","name":"Cristina Mart\u00ednez Garc\u00eda","url":"https:\/\/www.eiffageenergiasistemas.com\/en\/author\/cristina\/"}]}},"_links":{"self":[{"href":"https:\/\/www.eiffageenergiasistemas.com\/en\/wp-json\/wp\/v2\/posts\/41005","targetHints":{"allow":["GET"]}}],"collection":[{"href":"https:\/\/www.eiffageenergiasistemas.com\/en\/wp-json\/wp\/v2\/posts"}],"about":[{"href":"https:\/\/www.eiffageenergiasistemas.com\/en\/wp-json\/wp\/v2\/types\/post"}],"author":[{"embeddable":true,"href":"https:\/\/www.eiffageenergiasistemas.com\/en\/wp-json\/wp\/v2\/users\/3"}],"replies":[{"embeddable":true,"href":"https:\/\/www.eiffageenergiasistemas.com\/en\/wp-json\/wp\/v2\/comments?post=41005"}],"version-history":[{"count":0,"href":"https:\/\/www.eiffageenergiasistemas.com\/en\/wp-json\/wp\/v2\/posts\/41005\/revisions"}],"wp:featuredmedia":[{"embeddable":true,"href":"https:\/\/www.eiffageenergiasistemas.com\/en\/wp-json\/wp\/v2\/media\/40935"}],"wp:attachment":[{"href":"https:\/\/www.eiffageenergiasistemas.com\/en\/wp-json\/wp\/v2\/media?parent=41005"}],"wp:term":[{"taxonomy":"category","embeddable":true,"href":"https:\/\/www.eiffageenergiasistemas.com\/en\/wp-json\/wp\/v2\/categories?post=41005"},{"taxonomy":"post_tag","embeddable":true,"href":"https:\/\/www.eiffageenergiasistemas.com\/en\/wp-json\/wp\/v2\/tags?post=41005"}],"curies":[{"name":"wp","href":"https:\/\/api.w.org\/{rel}","templated":true}]}}