{"id":43572,"date":"2021-08-10T08:20:32","date_gmt":"2021-08-10T08:20:32","guid":{"rendered":"https:\/\/www.eiffageenergiasistemas.com\/fifth-wind-farm-built-by-eiffage-energia-in-belgium-starts-operation\/"},"modified":"2021-08-10T08:20:32","modified_gmt":"2021-08-10T08:20:32","slug":"fifth-wind-farm-built-by-eiffage-energia-in-belgium-starts-operation","status":"publish","type":"post","link":"https:\/\/www.eiffageenergiasistemas.com\/en\/2021\/08\/10\/fifth-wind-farm-built-by-eiffage-energia-in-belgium-starts-operation\/","title":{"rendered":"Fifth wind farm built by Eiffage Energ\u00eda in Belgium starts operation"},"content":{"rendered":"<p>Eiffage Energy in Belgium. The<b>fifth wind farm we have built in Belgium has just been commissioned. <\/b>A complex located in the <a href=\"https:\/\/www.wallonie.be\/en\" target=\"_blank\" rel=\"noopener noreferrer\">Wallonia region<\/a>, <b>consisting of&nbsp;three wind turbines with a total capacity of&nbsp;9.6 MW<\/b>. This is a project that <b>can be expanded<\/b> in the future to a total of five wind turbines, with an estimated capacity of 16 MW. <img decoding=\"async\" class=\"alignnone size-full wp-image-29428\" src=\"\/\/www.eiffageenergiasistemas.com\/wp-content\/uploads\/2021\/08\/20210409_123049.jpg\" alt=\"\"> At <a href=\"https:\/\/www.eiffageenergiasistemas.com\" target=\"_blank\" rel=\"noopener noreferrer\">Eiffage Energ\u00eda<\/a>, we reconstructed the access points, roads, platforms, foundations, drainage, ditches, medium-voltage network, communications and grounding, and also handled the supply and installation of the delivery centre for evacuation of the energy generated.<\/p>\n<h3><b>Wind energy<\/b><\/h3>\n<p>Eiffage Energ\u00eda has now completed a total of 88 wind farms around the world, with a combined capacity of 3,186.74 MW. Our <b> 20+ years of experience<\/b> makes us a worldwide leader in energy and sustainability. We have now managed to avoid more than 13 million tonnes of CO2 emissions into the atmosphere.&nbsp;This is possible thanks to our low-carbon strategy,&nbsp;which aims for an overall reduction of emissions across the value chain&nbsp;. We are continuing along these lines, developing a <b>low-carbon strategy<\/b>.<span class=\"Apple-converted-space\">&nbsp;<\/span> Strategy based on three pillars: Innovation, Digital Transition and Ecological Transition. Generating clean and safe energy and taking care of our planet. Eiffage\u2019s <b>sustainable development policy<\/b> is based on several inextricably linked strategies, to provide a comprehensive response to all the challenges of low-carbon construction, environmental protection, and support for biodiversity.<\/p>\n","protected":false},"excerpt":{"rendered":"<p>Eiffage Energy in Belgium. Thefifth wind farm we have built in Belgium has just been commissioned. A complex located in the Wallonia region, consisting of&nbsp;three wind turbines with a total capacity of&nbsp;9.6 MW. This is a project that can be expanded in the future to a total of five wind turbines, with an estimated capacity &#8230; <a title=\"Fifth wind farm built by Eiffage Energ\u00eda in Belgium starts operation\" class=\"read-more\" href=\"https:\/\/www.eiffageenergiasistemas.com\/en\/2021\/08\/10\/fifth-wind-farm-built-by-eiffage-energia-in-belgium-starts-operation\/\" aria-label=\"Read more about Fifth wind farm built by Eiffage Energ\u00eda in Belgium starts operation\">Read more<\/a><\/p>\n","protected":false},"author":6,"featured_media":42341,"comment_status":"open","ping_status":"open","sticky":false,"template":"","format":"standard","meta":{"footnotes":""},"categories":[1359],"tags":[1658,1617,1436,1441],"class_list":["post-43572","post","type-post","status-publish","format-standard","has-post-thumbnail","hentry","category-eiffage-energia-en-2","tag-belgium","tag-decarbonization","tag-energia-eolica-en-2","tag-renewable-energies"],"yoast_head":"<!-- This site is optimized with the Yoast SEO plugin v27.5 - https:\/\/yoast.com\/product\/yoast-seo-wordpress\/ -->\n<title>Eiffage Energia\u2019s fifth wind farm in Belgium commissioned<\/title>\n<meta name=\"description\" content=\"Eiffage Energy in Belgium. The fifth wind farm built by Eiffage Energ\u00eda in Belgium, in the Wallonia region, has just been commissioned.\" \/>\n<meta name=\"robots\" content=\"index, follow, max-snippet:-1, max-image-preview:large, max-video-preview:-1\" \/>\n<link rel=\"canonical\" href=\"https:\/\/www.eiffageenergiasistemas.com\/en\/2021\/08\/10\/fifth-wind-farm-built-by-eiffage-energia-in-belgium-starts-operation\/\" \/>\n<meta property=\"og:locale\" content=\"en_US\" \/>\n<meta property=\"og:type\" content=\"article\" \/>\n<meta property=\"og:title\" content=\"Eiffage Energia\u2019s fifth wind farm in Belgium commissioned\" \/>\n<meta property=\"og:description\" content=\"Eiffage Energy in Belgium. The fifth wind farm built by Eiffage Energ\u00eda in Belgium, in the Wallonia region, has just been commissioned.\" \/>\n<meta property=\"og:url\" content=\"https:\/\/www.eiffageenergiasistemas.com\/en\/2021\/08\/10\/fifth-wind-farm-built-by-eiffage-energia-in-belgium-starts-operation\/\" \/>\n<meta property=\"og:site_name\" content=\"Eiffage Energ\u00eda Sistemas\" \/>\n<meta property=\"article:published_time\" content=\"2021-08-10T08:20:32+00:00\" \/>\n<meta property=\"og:image\" content=\"https:\/\/www.eiffageenergiasistemas.com\/wp-content\/uploads\/2021\/08\/eolico-belgica.jpg\" \/>\n\t<meta property=\"og:image:width\" content=\"1400\" \/>\n\t<meta property=\"og:image:height\" content=\"788\" \/>\n\t<meta property=\"og:image:type\" content=\"image\/jpeg\" \/>\n<meta name=\"author\" content=\"Vanessa Landete\" \/>\n<meta name=\"twitter:card\" content=\"summary_large_image\" \/>\n<script type=\"application\/ld+json\" class=\"yoast-schema-graph\">{\"@context\":\"https:\\\/\\\/schema.org\",\"@graph\":[{\"@type\":\"Article\",\"@id\":\"https:\\\/\\\/www.eiffageenergiasistemas.com\\\/en\\\/2021\\\/08\\\/10\\\/fifth-wind-farm-built-by-eiffage-energia-in-belgium-starts-operation\\\/#article\",\"isPartOf\":{\"@id\":\"https:\\\/\\\/www.eiffageenergiasistemas.com\\\/en\\\/2021\\\/08\\\/10\\\/fifth-wind-farm-built-by-eiffage-energia-in-belgium-starts-operation\\\/\"},\"author\":{\"name\":\"Vanessa Landete\",\"@id\":\"https:\\\/\\\/www.eiffageenergiasistemas.com\\\/en\\\/#\\\/schema\\\/person\\\/ee0b6cef257519e591618399167038ad\"},\"headline\":\"Fifth wind farm built by Eiffage Energ\u00eda in Belgium starts operation\",\"datePublished\":\"2021-08-10T08:20:32+00:00\",\"mainEntityOfPage\":{\"@id\":\"https:\\\/\\\/www.eiffageenergiasistemas.com\\\/en\\\/2021\\\/08\\\/10\\\/fifth-wind-farm-built-by-eiffage-energia-in-belgium-starts-operation\\\/\"},\"wordCount\":245,\"commentCount\":0,\"publisher\":{\"@id\":\"https:\\\/\\\/www.eiffageenergiasistemas.com\\\/en\\\/#organization\"},\"image\":{\"@id\":\"https:\\\/\\\/www.eiffageenergiasistemas.com\\\/en\\\/2021\\\/08\\\/10\\\/fifth-wind-farm-built-by-eiffage-energia-in-belgium-starts-operation\\\/#primaryimage\"},\"thumbnailUrl\":\"https:\\\/\\\/www.eiffageenergiasistemas.com\\\/wp-content\\\/uploads\\\/2021\\\/08\\\/eolico-belgica.jpg\",\"keywords\":[\"Belgium\",\"Decarbonization\",\"energ\u00eda e\u00f3lica\",\"Renewable Energies\"],\"articleSection\":[\"Eiffage Energ\u00eda\"],\"inLanguage\":\"en-US\",\"potentialAction\":[{\"@type\":\"CommentAction\",\"name\":\"Comment\",\"target\":[\"https:\\\/\\\/www.eiffageenergiasistemas.com\\\/en\\\/2021\\\/08\\\/10\\\/fifth-wind-farm-built-by-eiffage-energia-in-belgium-starts-operation\\\/#respond\"]}]},{\"@type\":\"WebPage\",\"@id\":\"https:\\\/\\\/www.eiffageenergiasistemas.com\\\/en\\\/2021\\\/08\\\/10\\\/fifth-wind-farm-built-by-eiffage-energia-in-belgium-starts-operation\\\/\",\"url\":\"https:\\\/\\\/www.eiffageenergiasistemas.com\\\/en\\\/2021\\\/08\\\/10\\\/fifth-wind-farm-built-by-eiffage-energia-in-belgium-starts-operation\\\/\",\"name\":\"Eiffage Energia\u2019s fifth wind farm in Belgium commissioned\",\"isPartOf\":{\"@id\":\"https:\\\/\\\/www.eiffageenergiasistemas.com\\\/en\\\/#website\"},\"primaryImageOfPage\":{\"@id\":\"https:\\\/\\\/www.eiffageenergiasistemas.com\\\/en\\\/2021\\\/08\\\/10\\\/fifth-wind-farm-built-by-eiffage-energia-in-belgium-starts-operation\\\/#primaryimage\"},\"image\":{\"@id\":\"https:\\\/\\\/www.eiffageenergiasistemas.com\\\/en\\\/2021\\\/08\\\/10\\\/fifth-wind-farm-built-by-eiffage-energia-in-belgium-starts-operation\\\/#primaryimage\"},\"thumbnailUrl\":\"https:\\\/\\\/www.eiffageenergiasistemas.com\\\/wp-content\\\/uploads\\\/2021\\\/08\\\/eolico-belgica.jpg\",\"datePublished\":\"2021-08-10T08:20:32+00:00\",\"description\":\"Eiffage Energy in Belgium. The fifth wind farm built by Eiffage Energ\u00eda in Belgium, in the Wallonia region, has just been commissioned.\",\"breadcrumb\":{\"@id\":\"https:\\\/\\\/www.eiffageenergiasistemas.com\\\/en\\\/2021\\\/08\\\/10\\\/fifth-wind-farm-built-by-eiffage-energia-in-belgium-starts-operation\\\/#breadcrumb\"},\"inLanguage\":\"en-US\",\"potentialAction\":[{\"@type\":\"ReadAction\",\"target\":[\"https:\\\/\\\/www.eiffageenergiasistemas.com\\\/en\\\/2021\\\/08\\\/10\\\/fifth-wind-farm-built-by-eiffage-energia-in-belgium-starts-operation\\\/\"]}]},{\"@type\":\"ImageObject\",\"inLanguage\":\"en-US\",\"@id\":\"https:\\\/\\\/www.eiffageenergiasistemas.com\\\/en\\\/2021\\\/08\\\/10\\\/fifth-wind-farm-built-by-eiffage-energia-in-belgium-starts-operation\\\/#primaryimage\",\"url\":\"https:\\\/\\\/www.eiffageenergiasistemas.com\\\/wp-content\\\/uploads\\\/2021\\\/08\\\/eolico-belgica.jpg\",\"contentUrl\":\"https:\\\/\\\/www.eiffageenergiasistemas.com\\\/wp-content\\\/uploads\\\/2021\\\/08\\\/eolico-belgica.jpg\",\"width\":1400,\"height\":788},{\"@type\":\"BreadcrumbList\",\"@id\":\"https:\\\/\\\/www.eiffageenergiasistemas.com\\\/en\\\/2021\\\/08\\\/10\\\/fifth-wind-farm-built-by-eiffage-energia-in-belgium-starts-operation\\\/#breadcrumb\",\"itemListElement\":[{\"@type\":\"ListItem\",\"position\":1,\"name\":\"Home\",\"item\":\"https:\\\/\\\/www.eiffageenergiasistemas.com\\\/en\\\/\"},{\"@type\":\"ListItem\",\"position\":2,\"name\":\"Fifth wind farm built by Eiffage Energ\u00eda in Belgium starts operation\"}]},{\"@type\":\"WebSite\",\"@id\":\"https:\\\/\\\/www.eiffageenergiasistemas.com\\\/en\\\/#website\",\"url\":\"https:\\\/\\\/www.eiffageenergiasistemas.com\\\/en\\\/\",\"name\":\"Eiffage Energ\u00eda Sistemas\",\"description\":\"\",\"publisher\":{\"@id\":\"https:\\\/\\\/www.eiffageenergiasistemas.com\\\/en\\\/#organization\"},\"potentialAction\":[{\"@type\":\"SearchAction\",\"target\":{\"@type\":\"EntryPoint\",\"urlTemplate\":\"https:\\\/\\\/www.eiffageenergiasistemas.com\\\/en\\\/?s={search_term_string}\"},\"query-input\":{\"@type\":\"PropertyValueSpecification\",\"valueRequired\":true,\"valueName\":\"search_term_string\"}}],\"inLanguage\":\"en-US\"},{\"@type\":\"Organization\",\"@id\":\"https:\\\/\\\/www.eiffageenergiasistemas.com\\\/en\\\/#organization\",\"name\":\"Eiffage Energ\u00eda Sistemas\",\"url\":\"https:\\\/\\\/www.eiffageenergiasistemas.com\\\/en\\\/\",\"logo\":{\"@type\":\"ImageObject\",\"inLanguage\":\"en-US\",\"@id\":\"https:\\\/\\\/www.eiffageenergiasistemas.com\\\/en\\\/#\\\/schema\\\/logo\\\/image\\\/\",\"url\":\"https:\\\/\\\/www.eiffageenergiasistemas.com\\\/wp-content\\\/uploads\\\/2022\\\/05\\\/cropped-cropped-eiffage-energia-sistemas-logo-1.png\",\"contentUrl\":\"https:\\\/\\\/www.eiffageenergiasistemas.com\\\/wp-content\\\/uploads\\\/2022\\\/05\\\/cropped-cropped-eiffage-energia-sistemas-logo-1.png\",\"width\":741,\"height\":250,\"caption\":\"Eiffage Energ\u00eda Sistemas\"},\"image\":{\"@id\":\"https:\\\/\\\/www.eiffageenergiasistemas.com\\\/en\\\/#\\\/schema\\\/logo\\\/image\\\/\"}},{\"@type\":\"Person\",\"@id\":\"https:\\\/\\\/www.eiffageenergiasistemas.com\\\/en\\\/#\\\/schema\\\/person\\\/ee0b6cef257519e591618399167038ad\",\"name\":\"Vanessa Landete\",\"url\":\"https:\\\/\\\/www.eiffageenergiasistemas.com\\\/en\\\/author\\\/vlandete\\\/\"}]}<\/script>\n<!-- \/ Yoast SEO plugin. -->","yoast_head_json":{"title":"Eiffage Energia\u2019s fifth wind farm in Belgium commissioned","description":"Eiffage Energy in Belgium. The fifth wind farm built by Eiffage Energ\u00eda in Belgium, in the Wallonia region, has just been commissioned.","robots":{"index":"index","follow":"follow","max-snippet":"max-snippet:-1","max-image-preview":"max-image-preview:large","max-video-preview":"max-video-preview:-1"},"canonical":"https:\/\/www.eiffageenergiasistemas.com\/en\/2021\/08\/10\/fifth-wind-farm-built-by-eiffage-energia-in-belgium-starts-operation\/","og_locale":"en_US","og_type":"article","og_title":"Eiffage Energia\u2019s fifth wind farm in Belgium commissioned","og_description":"Eiffage Energy in Belgium. The fifth wind farm built by Eiffage Energ\u00eda in Belgium, in the Wallonia region, has just been commissioned.","og_url":"https:\/\/www.eiffageenergiasistemas.com\/en\/2021\/08\/10\/fifth-wind-farm-built-by-eiffage-energia-in-belgium-starts-operation\/","og_site_name":"Eiffage Energ\u00eda Sistemas","article_published_time":"2021-08-10T08:20:32+00:00","og_image":[{"width":1400,"height":788,"url":"https:\/\/www.eiffageenergiasistemas.com\/wp-content\/uploads\/2021\/08\/eolico-belgica.jpg","type":"image\/jpeg"}],"author":"Vanessa Landete","twitter_card":"summary_large_image","schema":{"@context":"https:\/\/schema.org","@graph":[{"@type":"Article","@id":"https:\/\/www.eiffageenergiasistemas.com\/en\/2021\/08\/10\/fifth-wind-farm-built-by-eiffage-energia-in-belgium-starts-operation\/#article","isPartOf":{"@id":"https:\/\/www.eiffageenergiasistemas.com\/en\/2021\/08\/10\/fifth-wind-farm-built-by-eiffage-energia-in-belgium-starts-operation\/"},"author":{"name":"Vanessa Landete","@id":"https:\/\/www.eiffageenergiasistemas.com\/en\/#\/schema\/person\/ee0b6cef257519e591618399167038ad"},"headline":"Fifth wind farm built by Eiffage Energ\u00eda in Belgium starts operation","datePublished":"2021-08-10T08:20:32+00:00","mainEntityOfPage":{"@id":"https:\/\/www.eiffageenergiasistemas.com\/en\/2021\/08\/10\/fifth-wind-farm-built-by-eiffage-energia-in-belgium-starts-operation\/"},"wordCount":245,"commentCount":0,"publisher":{"@id":"https:\/\/www.eiffageenergiasistemas.com\/en\/#organization"},"image":{"@id":"https:\/\/www.eiffageenergiasistemas.com\/en\/2021\/08\/10\/fifth-wind-farm-built-by-eiffage-energia-in-belgium-starts-operation\/#primaryimage"},"thumbnailUrl":"https:\/\/www.eiffageenergiasistemas.com\/wp-content\/uploads\/2021\/08\/eolico-belgica.jpg","keywords":["Belgium","Decarbonization","energ\u00eda e\u00f3lica","Renewable Energies"],"articleSection":["Eiffage Energ\u00eda"],"inLanguage":"en-US","potentialAction":[{"@type":"CommentAction","name":"Comment","target":["https:\/\/www.eiffageenergiasistemas.com\/en\/2021\/08\/10\/fifth-wind-farm-built-by-eiffage-energia-in-belgium-starts-operation\/#respond"]}]},{"@type":"WebPage","@id":"https:\/\/www.eiffageenergiasistemas.com\/en\/2021\/08\/10\/fifth-wind-farm-built-by-eiffage-energia-in-belgium-starts-operation\/","url":"https:\/\/www.eiffageenergiasistemas.com\/en\/2021\/08\/10\/fifth-wind-farm-built-by-eiffage-energia-in-belgium-starts-operation\/","name":"Eiffage Energia\u2019s fifth wind farm in Belgium commissioned","isPartOf":{"@id":"https:\/\/www.eiffageenergiasistemas.com\/en\/#website"},"primaryImageOfPage":{"@id":"https:\/\/www.eiffageenergiasistemas.com\/en\/2021\/08\/10\/fifth-wind-farm-built-by-eiffage-energia-in-belgium-starts-operation\/#primaryimage"},"image":{"@id":"https:\/\/www.eiffageenergiasistemas.com\/en\/2021\/08\/10\/fifth-wind-farm-built-by-eiffage-energia-in-belgium-starts-operation\/#primaryimage"},"thumbnailUrl":"https:\/\/www.eiffageenergiasistemas.com\/wp-content\/uploads\/2021\/08\/eolico-belgica.jpg","datePublished":"2021-08-10T08:20:32+00:00","description":"Eiffage Energy in Belgium. The fifth wind farm built by Eiffage Energ\u00eda in Belgium, in the Wallonia region, has just been commissioned.","breadcrumb":{"@id":"https:\/\/www.eiffageenergiasistemas.com\/en\/2021\/08\/10\/fifth-wind-farm-built-by-eiffage-energia-in-belgium-starts-operation\/#breadcrumb"},"inLanguage":"en-US","potentialAction":[{"@type":"ReadAction","target":["https:\/\/www.eiffageenergiasistemas.com\/en\/2021\/08\/10\/fifth-wind-farm-built-by-eiffage-energia-in-belgium-starts-operation\/"]}]},{"@type":"ImageObject","inLanguage":"en-US","@id":"https:\/\/www.eiffageenergiasistemas.com\/en\/2021\/08\/10\/fifth-wind-farm-built-by-eiffage-energia-in-belgium-starts-operation\/#primaryimage","url":"https:\/\/www.eiffageenergiasistemas.com\/wp-content\/uploads\/2021\/08\/eolico-belgica.jpg","contentUrl":"https:\/\/www.eiffageenergiasistemas.com\/wp-content\/uploads\/2021\/08\/eolico-belgica.jpg","width":1400,"height":788},{"@type":"BreadcrumbList","@id":"https:\/\/www.eiffageenergiasistemas.com\/en\/2021\/08\/10\/fifth-wind-farm-built-by-eiffage-energia-in-belgium-starts-operation\/#breadcrumb","itemListElement":[{"@type":"ListItem","position":1,"name":"Home","item":"https:\/\/www.eiffageenergiasistemas.com\/en\/"},{"@type":"ListItem","position":2,"name":"Fifth wind farm built by Eiffage Energ\u00eda in Belgium starts operation"}]},{"@type":"WebSite","@id":"https:\/\/www.eiffageenergiasistemas.com\/en\/#website","url":"https:\/\/www.eiffageenergiasistemas.com\/en\/","name":"Eiffage Energ\u00eda Sistemas","description":"","publisher":{"@id":"https:\/\/www.eiffageenergiasistemas.com\/en\/#organization"},"potentialAction":[{"@type":"SearchAction","target":{"@type":"EntryPoint","urlTemplate":"https:\/\/www.eiffageenergiasistemas.com\/en\/?s={search_term_string}"},"query-input":{"@type":"PropertyValueSpecification","valueRequired":true,"valueName":"search_term_string"}}],"inLanguage":"en-US"},{"@type":"Organization","@id":"https:\/\/www.eiffageenergiasistemas.com\/en\/#organization","name":"Eiffage Energ\u00eda Sistemas","url":"https:\/\/www.eiffageenergiasistemas.com\/en\/","logo":{"@type":"ImageObject","inLanguage":"en-US","@id":"https:\/\/www.eiffageenergiasistemas.com\/en\/#\/schema\/logo\/image\/","url":"https:\/\/www.eiffageenergiasistemas.com\/wp-content\/uploads\/2022\/05\/cropped-cropped-eiffage-energia-sistemas-logo-1.png","contentUrl":"https:\/\/www.eiffageenergiasistemas.com\/wp-content\/uploads\/2022\/05\/cropped-cropped-eiffage-energia-sistemas-logo-1.png","width":741,"height":250,"caption":"Eiffage Energ\u00eda Sistemas"},"image":{"@id":"https:\/\/www.eiffageenergiasistemas.com\/en\/#\/schema\/logo\/image\/"}},{"@type":"Person","@id":"https:\/\/www.eiffageenergiasistemas.com\/en\/#\/schema\/person\/ee0b6cef257519e591618399167038ad","name":"Vanessa Landete","url":"https:\/\/www.eiffageenergiasistemas.com\/en\/author\/vlandete\/"}]}},"_links":{"self":[{"href":"https:\/\/www.eiffageenergiasistemas.com\/en\/wp-json\/wp\/v2\/posts\/43572","targetHints":{"allow":["GET"]}}],"collection":[{"href":"https:\/\/www.eiffageenergiasistemas.com\/en\/wp-json\/wp\/v2\/posts"}],"about":[{"href":"https:\/\/www.eiffageenergiasistemas.com\/en\/wp-json\/wp\/v2\/types\/post"}],"author":[{"embeddable":true,"href":"https:\/\/www.eiffageenergiasistemas.com\/en\/wp-json\/wp\/v2\/users\/6"}],"replies":[{"embeddable":true,"href":"https:\/\/www.eiffageenergiasistemas.com\/en\/wp-json\/wp\/v2\/comments?post=43572"}],"version-history":[{"count":0,"href":"https:\/\/www.eiffageenergiasistemas.com\/en\/wp-json\/wp\/v2\/posts\/43572\/revisions"}],"wp:featuredmedia":[{"embeddable":true,"href":"https:\/\/www.eiffageenergiasistemas.com\/en\/wp-json\/wp\/v2\/media\/42341"}],"wp:attachment":[{"href":"https:\/\/www.eiffageenergiasistemas.com\/en\/wp-json\/wp\/v2\/media?parent=43572"}],"wp:term":[{"taxonomy":"category","embeddable":true,"href":"https:\/\/www.eiffageenergiasistemas.com\/en\/wp-json\/wp\/v2\/categories?post=43572"},{"taxonomy":"post_tag","embeddable":true,"href":"https:\/\/www.eiffageenergiasistemas.com\/en\/wp-json\/wp\/v2\/tags?post=43572"}],"curies":[{"name":"wp","href":"https:\/\/api.w.org\/{rel}","templated":true}]}}